{"id":28892,"date":"2026-03-26T12:32:26","date_gmt":"2026-03-26T15:32:26","guid":{"rendered":"https:\/\/www.crfac.org.br\/?p=28892"},"modified":"2026-03-26T12:32:26","modified_gmt":"2026-03-26T15:32:26","slug":"71a-reuniao-do-sistema-cff-crfs-reune-liderancas-e-discute-avancos-para-a-profissao-em-brasilia","status":"publish","type":"post","link":"https:\/\/www.crfac.org.br\/site\/?p=28892","title":{"rendered":"71\u00aa Reuni\u00e3o do Sistema CFF\/CRFs re\u00fane lideran\u00e7as e discute avan\u00e7os para a profiss\u00e3o em Bras\u00edlia"},"content":{"rendered":"<p data-start=\"322\" data-end=\"669\">Teve in\u00edcio na \u00faltima ter\u00e7a-feira (25), em Bras\u00edlia, a 71\u00aa Reuni\u00e3o Geral dos Conselhos Federal e Regionais de Farm\u00e1cia. O encontro, que segue por dois dias, re\u00fane dirigentes dos Conselhos Regionais de Farm\u00e1cia (CRFs) e conselheiros federais, consolidando-se como um dos principais espa\u00e7os de debates estrat\u00e9gicos da profiss\u00e3o farmac\u00eautica no pa\u00eds.<\/p>\n<p data-start=\"671\" data-end=\"1101\">A programa\u00e7\u00e3o come\u00e7ou com mobiliza\u00e7\u00e3o pol\u00edtica na C\u00e2mara dos Deputados. Convocados pelo Conselho Federal de Farm\u00e1cia (CFF), os participantes realizaram um ato em defesa da aprova\u00e7\u00e3o do Projeto de Lei 1559\/2021, que prop\u00f5e a cria\u00e7\u00e3o de um piso salarial nacional para os farmac\u00eauticos. Durante a agenda, tamb\u00e9m foram feitas visitas a parlamentares da Comiss\u00e3o de Finan\u00e7as e Tributa\u00e7\u00e3o (CFT), colegiado onde a proposta ainda tramita.<\/p>\n<figure id=\"attachment_28893\"  class=\"figure alignnone\" style=\"width: 818px;\"><img fetchpriority=\"high\" decoding=\"async\" class=\"wp-image-28893\" src=\"http:\/\/www.crfac.org.br\/site\/wp-content\/uploads\/2026\/03\/9e47200a-48cb-462e-bc99-fcdb5aaa70b2.jpg\" alt=\"\" width=\"808\" height=\"598\" srcset=\"https:\/\/www.crfac.org.br\/site\/wp-content\/uploads\/2026\/03\/9e47200a-48cb-462e-bc99-fcdb5aaa70b2.jpg 720w, https:\/\/www.crfac.org.br\/site\/wp-content\/uploads\/2026\/03\/9e47200a-48cb-462e-bc99-fcdb5aaa70b2-543x402.jpg 543w, https:\/\/www.crfac.org.br\/site\/wp-content\/uploads\/2026\/03\/9e47200a-48cb-462e-bc99-fcdb5aaa70b2-336x249.jpg 336w\" sizes=\"(max-width: 808px) 100vw, 808px\" \/><figcaption class=\"figure-caption\">Com a bandeira do Acre em destaque, membros do CRF-AC registram encontro com o presidente do CFF, Walter Jorge Jo\u00e3o, na sede do Conselho Federal, em Bras\u00edlia.<\/figcaption><\/figure>\n<p data-start=\"1103\" data-end=\"1512\">A comitiva acreana participa ativamente da agenda em Bras\u00edlia. O grupo \u00e9 formado pela presidente Larissa Botelho, pelo secret\u00e1rio-geral Misael Weslley, pelo tesoureiro Charles Mendes, pelo conselheiro federal Bruno Ara\u00fajo e pelo conselheiro suplente Jairo Jos\u00e9, que cumprem compromissos no Congresso Nacional, com reuni\u00f5es, articula\u00e7\u00f5es e acompanhamento das pautas relacionadas ao Projeto de Lei n\u00ba 1559\/2021.<\/p>\n<p data-start=\"1514\" data-end=\"1724\">No per\u00edodo da tarde, j\u00e1 na sede do CFF, o presidente Walter Jorge Jo\u00e3o destacou os desafios enfrentados pela sa\u00fade p\u00fablica no Brasil e refor\u00e7ou a import\u00e2ncia da atua\u00e7\u00e3o integrada entre os profissionais da \u00e1rea.<\/p>\n<p data-start=\"1726\" data-end=\"2100\">Segundo ele, o cen\u00e1rio atual exige amplia\u00e7\u00e3o do acesso aos servi\u00e7os de sa\u00fade. \u201cO tempo m\u00e9dio de espera por uma consulta no Brasil \u00e9 de 57 dias, podendo chegar a 150 dias no Distrito Federal. Isso demonstra a necessidade de fortalecer o papel de todos os profissionais. Somos mais de 400 mil farmac\u00eauticos preparados para contribuir com a melhoria da sa\u00fade no pa\u00eds\u201d, afirmou.<\/p>\n<p data-start=\"2102\" data-end=\"2431\">O presidente tamb\u00e9m abordou o debate regulat\u00f3rio sobre a atua\u00e7\u00e3o farmac\u00eautica, especialmente na \u00e1rea da est\u00e9tica. Ele ressaltou que a pr\u00e1tica profissional possui limites bem definidos. \u201cA atua\u00e7\u00e3o farmac\u00eautica na est\u00e9tica se restringe \u00e0 pele e ao tecido subcut\u00e2neo, n\u00e3o envolvendo procedimentos invasivos mais profundos\u201d, pontuou.<\/p>\n","protected":false},"excerpt":{"rendered":"<p>Teve in\u00edcio na \u00faltima ter\u00e7a-feira (25), em Bras\u00edlia, a 71\u00aa Reuni\u00e3o Geral dos Conselhos Federal e Regionais de Farm\u00e1cia. O encontro, que segue por dois dias, re\u00fane dirigentes dos Conselhos Regionais de Farm\u00e1cia (CRFs) e conselheiros federais, consolidando-se como um dos principais espa\u00e7os de debates estrat\u00e9gicos da profiss\u00e3o farmac\u00eautica no pa\u00eds. A programa\u00e7\u00e3o come\u00e7ou com [&hellip;]<\/p>\n","protected":false},"author":20,"featured_media":28894,"comment_status":"closed","ping_status":"open","sticky":false,"template":"","format":"standard","meta":{"_acf_changed":false,"_joinchat":[],"footnotes":""},"categories":[2,7],"tags":[],"class_list":["post-28892","post","type-post","status-publish","format-standard","has-post-thumbnail","hentry","category-destaques","category-noticias"],"acf":[],"_links":{"self":[{"href":"https:\/\/www.crfac.org.br\/site\/index.php?rest_route=\/wp\/v2\/posts\/28892","targetHints":{"allow":["GET"]}}],"collection":[{"href":"https:\/\/www.crfac.org.br\/site\/index.php?rest_route=\/wp\/v2\/posts"}],"about":[{"href":"https:\/\/www.crfac.org.br\/site\/index.php?rest_route=\/wp\/v2\/types\/post"}],"author":[{"embeddable":true,"href":"https:\/\/www.crfac.org.br\/site\/index.php?rest_route=\/wp\/v2\/users\/20"}],"replies":[{"embeddable":true,"href":"https:\/\/www.crfac.org.br\/site\/index.php?rest_route=%2Fwp%2Fv2%2Fcomments&post=28892"}],"version-history":[{"count":1,"href":"https:\/\/www.crfac.org.br\/site\/index.php?rest_route=\/wp\/v2\/posts\/28892\/revisions"}],"predecessor-version":[{"id":28895,"href":"https:\/\/www.crfac.org.br\/site\/index.php?rest_route=\/wp\/v2\/posts\/28892\/revisions\/28895"}],"wp:featuredmedia":[{"embeddable":true,"href":"https:\/\/www.crfac.org.br\/site\/index.php?rest_route=\/wp\/v2\/media\/28894"}],"wp:attachment":[{"href":"https:\/\/www.crfac.org.br\/site\/index.php?rest_route=%2Fwp%2Fv2%2Fmedia&parent=28892"}],"wp:term":[{"taxonomy":"category","embeddable":true,"href":"https:\/\/www.crfac.org.br\/site\/index.php?rest_route=%2Fwp%2Fv2%2Fcategories&post=28892"},{"taxonomy":"post_tag","embeddable":true,"href":"https:\/\/www.crfac.org.br\/site\/index.php?rest_route=%2Fwp%2Fv2%2Ftags&post=28892"}],"curies":[{"name":"wp","href":"https:\/\/api.w.org\/{rel}","templated":true}]}}