{"id":28883,"date":"2026-03-19T20:55:10","date_gmt":"2026-03-19T23:55:10","guid":{"rendered":"https:\/\/www.crfac.org.br\/?p=28883"},"modified":"2026-03-19T20:56:14","modified_gmt":"2026-03-19T23:56:14","slug":"crf-ac-e-vigilancia-sanitaria-alinham-acoes-com-presenca-do-conselheiro-federal-bruno-araujo","status":"publish","type":"post","link":"https:\/\/www.crfac.org.br\/site\/?p=28883","title":{"rendered":"CRF-AC e Vigil\u00e2ncia Sanit\u00e1ria alinham a\u00e7\u00f5es com presen\u00e7a do conselheiro federal Bruno Ara\u00fajo"},"content":{"rendered":"<p data-start=\"190\" data-end=\"434\"><img fetchpriority=\"high\" decoding=\"async\" class=\"alignnone size-site-padrao wp-image-28888\" src=\"http:\/\/www.crfac.org.br\/site\/wp-content\/uploads\/2026\/03\/foto-847x453.jpg\" alt=\"\" width=\"847\" height=\"453\" srcset=\"https:\/\/www.crfac.org.br\/site\/wp-content\/uploads\/2026\/03\/foto-847x453.jpg 847w, https:\/\/www.crfac.org.br\/site\/wp-content\/uploads\/2026\/03\/foto-768x410.jpg 768w, https:\/\/www.crfac.org.br\/site\/wp-content\/uploads\/2026\/03\/foto-543x290.jpg 543w, https:\/\/www.crfac.org.br\/site\/wp-content\/uploads\/2026\/03\/foto-336x180.jpg 336w, https:\/\/www.crfac.org.br\/site\/wp-content\/uploads\/2026\/03\/foto.jpg 1134w\" sizes=\"(max-width: 847px) 100vw, 847px\" \/><br \/>\nNesta quinta-feira (19), os Conselhos Regional e Federal de Farm\u00e1cia reuniram-se com a Vigil\u00e2ncia Sanit\u00e1ria Municipal de Rio Branco para firmar o cronograma de 2026 voltado a cursos, treinamentos e palestras para os profissionais farmac\u00eauticos.<\/p>\n<p data-start=\"436\" data-end=\"655\">O encontro reuniu representantes do Conselho Regional de Farm\u00e1cia do Estado do Acre (CRF-AC), do Conselho Federal de Farm\u00e1cia e da Vigil\u00e2ncia Sanit\u00e1ria, fortalecendo o di\u00e1logo institucional e a parceria entre os \u00f3rg\u00e3os.<\/p>\n<figure id=\"attachment_28884\"  class=\"figure alignnone\" style=\"width: 857px;\"><img decoding=\"async\" class=\"wp-image-28884 size-site-padrao\" src=\"http:\/\/www.crfac.org.br\/site\/wp-content\/uploads\/2026\/03\/e286096f-a101-4f8e-84ee-91609255a963-847x371.jpg\" alt=\"\" width=\"847\" height=\"371\" srcset=\"https:\/\/www.crfac.org.br\/site\/wp-content\/uploads\/2026\/03\/e286096f-a101-4f8e-84ee-91609255a963-847x371.jpg 847w, https:\/\/www.crfac.org.br\/site\/wp-content\/uploads\/2026\/03\/e286096f-a101-4f8e-84ee-91609255a963-768x336.jpg 768w, https:\/\/www.crfac.org.br\/site\/wp-content\/uploads\/2026\/03\/e286096f-a101-4f8e-84ee-91609255a963-1536x673.jpg 1536w, https:\/\/www.crfac.org.br\/site\/wp-content\/uploads\/2026\/03\/e286096f-a101-4f8e-84ee-91609255a963-2048x897.jpg 2048w, https:\/\/www.crfac.org.br\/site\/wp-content\/uploads\/2026\/03\/e286096f-a101-4f8e-84ee-91609255a963-543x238.jpg 543w, https:\/\/www.crfac.org.br\/site\/wp-content\/uploads\/2026\/03\/e286096f-a101-4f8e-84ee-91609255a963-336x147.jpg 336w\" sizes=\"(max-width: 847px) 100vw, 847px\" \/><figcaption class=\"figure-caption\">Representantes do CRF-AC, Conselho Federal de Farm\u00e1cia e Vigil\u00e2ncia Sanit\u00e1ria de Rio Branco durante reuni\u00e3o que definiu o cronograma de capacita\u00e7\u00f5es para 2026.<\/figcaption><\/figure>\n<p data-start=\"657\" data-end=\"1021\">A agenda, que se estende de abril a dezembro, abranger\u00e1 temas diversos, como primeiros socorros, legisla\u00e7\u00e3o sanit\u00e1ria e defesa administrativa, aplica\u00e7\u00e3o de injet\u00e1veis, atua\u00e7\u00e3o do farmac\u00eautico na est\u00e9tica, entrega de medicamentos por aplicativos, al\u00e9m dos novos modelos de receitu\u00e1rios eletr\u00f4nicos previstos na Portaria 344\/98 e entrega de relat\u00f3rios, entre outros.<\/p>\n<p data-start=\"1023\" data-end=\"1309\"><img decoding=\"async\" class=\"wp-image-28887 alignleft\" src=\"http:\/\/www.crfac.org.br\/site\/wp-content\/uploads\/2026\/03\/69099b64-4cf8-4984-adca-c68d6bb19421-847x723.jpg\" alt=\"\" width=\"111\" height=\"94\" srcset=\"https:\/\/www.crfac.org.br\/site\/wp-content\/uploads\/2026\/03\/69099b64-4cf8-4984-adca-c68d6bb19421-847x723.jpg 847w, https:\/\/www.crfac.org.br\/site\/wp-content\/uploads\/2026\/03\/69099b64-4cf8-4984-adca-c68d6bb19421-768x656.jpg 768w, https:\/\/www.crfac.org.br\/site\/wp-content\/uploads\/2026\/03\/69099b64-4cf8-4984-adca-c68d6bb19421-543x464.jpg 543w, https:\/\/www.crfac.org.br\/site\/wp-content\/uploads\/2026\/03\/69099b64-4cf8-4984-adca-c68d6bb19421-336x287.jpg 336w, https:\/\/www.crfac.org.br\/site\/wp-content\/uploads\/2026\/03\/69099b64-4cf8-4984-adca-c68d6bb19421.jpg 1179w\" sizes=\"(max-width: 111px) 100vw, 111px\" \/>O farmac\u00eautico e conselheiro federal Dr. Bruno Ara\u00fajo destacou a import\u00e2ncia de fortalecer o entendimento da farm\u00e1cia como estabelecimento de sa\u00fade.<br data-start=\"1171\" data-end=\"1174\" \/>\u201cHoje a farm\u00e1cia \u00e9 um ambiente de sa\u00fade, e precisamos ampliar esse conhecimento e investir na qualifica\u00e7\u00e3o dos profissionais\u201d, afirmou.<\/p>\n<p data-start=\"1311\" data-end=\"1590\"><img loading=\"lazy\" decoding=\"async\" class=\" wp-image-28886 alignleft\" src=\"http:\/\/www.crfac.org.br\/site\/wp-content\/uploads\/2026\/03\/2ec85543-acb5-4970-a4b7-6cf3010c74e3-847x684.jpg\" alt=\"\" width=\"112\" height=\"91\" srcset=\"https:\/\/www.crfac.org.br\/site\/wp-content\/uploads\/2026\/03\/2ec85543-acb5-4970-a4b7-6cf3010c74e3-847x684.jpg 847w, https:\/\/www.crfac.org.br\/site\/wp-content\/uploads\/2026\/03\/2ec85543-acb5-4970-a4b7-6cf3010c74e3-768x620.jpg 768w, https:\/\/www.crfac.org.br\/site\/wp-content\/uploads\/2026\/03\/2ec85543-acb5-4970-a4b7-6cf3010c74e3-543x438.jpg 543w, https:\/\/www.crfac.org.br\/site\/wp-content\/uploads\/2026\/03\/2ec85543-acb5-4970-a4b7-6cf3010c74e3-336x271.jpg 336w, https:\/\/www.crfac.org.br\/site\/wp-content\/uploads\/2026\/03\/2ec85543-acb5-4970-a4b7-6cf3010c74e3.jpg 1312w\" sizes=\"(max-width: 112px) 100vw, 112px\" \/>A farmac\u00eautica e presidente do CRF-AC, Dra. Larissa Botelho, refor\u00e7ou o compromisso da nova gest\u00e3o com o fortalecimento institucional.<br data-start=\"1445\" data-end=\"1448\" \/>\u201cAgradecemos a recep\u00e7\u00e3o da Vigil\u00e2ncia Sanit\u00e1ria e colocamos o Conselho \u00e0 disposi\u00e7\u00e3o para fortalecer essa parceria ao longo de 2026\u201d, destacou.<\/p>\n<p data-start=\"1592\" data-end=\"1854\">Representando a Vigil\u00e2ncia Sanit\u00e1ria de Rio Branco, participaram da reuni\u00e3o a diretora Deane Fernandes, o chefe da Divis\u00e3o de Medicamentos e Produtos Controlados, Javier S\u00f3ria Galvarro Filho, e o chefe da Divis\u00e3o de Servi\u00e7os e Produtos, Luiz Carlos Bas\u00edlio Paes.<br \/>\n<img loading=\"lazy\" decoding=\"async\" class=\"alignnone size-site-padrao wp-image-28889\" src=\"http:\/\/www.crfac.org.br\/site\/wp-content\/uploads\/2026\/03\/ffb710b1-d0ff-42a9-bcda-405d9ef475ac-847x532.jpg\" alt=\"\" width=\"847\" height=\"532\" srcset=\"https:\/\/www.crfac.org.br\/site\/wp-content\/uploads\/2026\/03\/ffb710b1-d0ff-42a9-bcda-405d9ef475ac-847x532.jpg 847w, https:\/\/www.crfac.org.br\/site\/wp-content\/uploads\/2026\/03\/ffb710b1-d0ff-42a9-bcda-405d9ef475ac-768x482.jpg 768w, https:\/\/www.crfac.org.br\/site\/wp-content\/uploads\/2026\/03\/ffb710b1-d0ff-42a9-bcda-405d9ef475ac-543x341.jpg 543w, https:\/\/www.crfac.org.br\/site\/wp-content\/uploads\/2026\/03\/ffb710b1-d0ff-42a9-bcda-405d9ef475ac-336x211.jpg 336w, https:\/\/www.crfac.org.br\/site\/wp-content\/uploads\/2026\/03\/ffb710b1-d0ff-42a9-bcda-405d9ef475ac.jpg 1179w\" sizes=\"(max-width: 847px) 100vw, 847px\" \/><\/p>\n<p data-start=\"1856\" data-end=\"2127\">A Vigil\u00e2ncia Sanit\u00e1ria Municipal tamb\u00e9m enfatizou o papel orientador do \u00f3rg\u00e3o.<br data-start=\"1934\" data-end=\"1937\" \/>\u201cA Vigil\u00e2ncia atua de forma orientadora para garantir que o estabelecimento farmac\u00eautico esteja inserido como unidade de assist\u00eancia \u00e0 sa\u00fade, conforme a legisla\u00e7\u00e3o\u201d, afirmou o representante.<\/p>\n<p data-start=\"2129\" data-end=\"2293\" data-is-last-node=\"\" data-is-only-node=\"\">Ao final, foi refor\u00e7ada a import\u00e2ncia da qualifica\u00e7\u00e3o cont\u00ednua como investimento para o fortalecimento da profiss\u00e3o e a melhoria dos servi\u00e7os prestados \u00e0 popula\u00e7\u00e3o.<\/p>\n","protected":false},"excerpt":{"rendered":"<p>Nesta quinta-feira (19), os Conselhos Regional e Federal de Farm\u00e1cia reuniram-se com a Vigil\u00e2ncia Sanit\u00e1ria Municipal de Rio Branco para firmar o cronograma de 2026 voltado a cursos, treinamentos e palestras para os profissionais farmac\u00eauticos. O encontro reuniu representantes do Conselho Regional de Farm\u00e1cia do Estado do Acre (CRF-AC), do Conselho Federal de Farm\u00e1cia e [&hellip;]<\/p>\n","protected":false},"author":20,"featured_media":28888,"comment_status":"closed","ping_status":"open","sticky":false,"template":"","format":"standard","meta":{"_acf_changed":false,"_joinchat":[],"footnotes":""},"categories":[2,7],"tags":[],"class_list":["post-28883","post","type-post","status-publish","format-standard","has-post-thumbnail","hentry","category-destaques","category-noticias"],"acf":[],"_links":{"self":[{"href":"https:\/\/www.crfac.org.br\/site\/index.php?rest_route=\/wp\/v2\/posts\/28883","targetHints":{"allow":["GET"]}}],"collection":[{"href":"https:\/\/www.crfac.org.br\/site\/index.php?rest_route=\/wp\/v2\/posts"}],"about":[{"href":"https:\/\/www.crfac.org.br\/site\/index.php?rest_route=\/wp\/v2\/types\/post"}],"author":[{"embeddable":true,"href":"https:\/\/www.crfac.org.br\/site\/index.php?rest_route=\/wp\/v2\/users\/20"}],"replies":[{"embeddable":true,"href":"https:\/\/www.crfac.org.br\/site\/index.php?rest_route=%2Fwp%2Fv2%2Fcomments&post=28883"}],"version-history":[{"count":1,"href":"https:\/\/www.crfac.org.br\/site\/index.php?rest_route=\/wp\/v2\/posts\/28883\/revisions"}],"predecessor-version":[{"id":28890,"href":"https:\/\/www.crfac.org.br\/site\/index.php?rest_route=\/wp\/v2\/posts\/28883\/revisions\/28890"}],"wp:featuredmedia":[{"embeddable":true,"href":"https:\/\/www.crfac.org.br\/site\/index.php?rest_route=\/wp\/v2\/media\/28888"}],"wp:attachment":[{"href":"https:\/\/www.crfac.org.br\/site\/index.php?rest_route=%2Fwp%2Fv2%2Fmedia&parent=28883"}],"wp:term":[{"taxonomy":"category","embeddable":true,"href":"https:\/\/www.crfac.org.br\/site\/index.php?rest_route=%2Fwp%2Fv2%2Fcategories&post=28883"},{"taxonomy":"post_tag","embeddable":true,"href":"https:\/\/www.crfac.org.br\/site\/index.php?rest_route=%2Fwp%2Fv2%2Ftags&post=28883"}],"curies":[{"name":"wp","href":"https:\/\/api.w.org\/{rel}","templated":true}]}}