{"id":28878,"date":"2026-03-06T16:15:38","date_gmt":"2026-03-06T19:15:38","guid":{"rendered":"https:\/\/www.crfac.org.br\/?p=28878"},"modified":"2026-03-17T13:22:25","modified_gmt":"2026-03-17T16:22:25","slug":"farmaceuticos-participam-de-treinamento-sobre-sistema-de-controle-de-medicamentos-da-anvisa","status":"publish","type":"post","link":"https:\/\/www.crfac.org.br\/site\/?p=28878","title":{"rendered":"Farmac\u00eauticos participam de treinamento sobre sistema de controle de medicamentos da Anvisa"},"content":{"rendered":"<p data-start=\"245\" data-end=\"510\"><img fetchpriority=\"high\" decoding=\"async\" class=\"alignnone size-site-padrao wp-image-28879\" src=\"http:\/\/www.crfac.org.br\/site\/wp-content\/uploads\/2026\/03\/dc3a224f-7604-4159-88df-3e5375fa3d28-847x476.jpg\" alt=\"\" width=\"847\" height=\"476\" srcset=\"https:\/\/www.crfac.org.br\/site\/wp-content\/uploads\/2026\/03\/dc3a224f-7604-4159-88df-3e5375fa3d28-847x476.jpg 847w, https:\/\/www.crfac.org.br\/site\/wp-content\/uploads\/2026\/03\/dc3a224f-7604-4159-88df-3e5375fa3d28-768x432.jpg 768w, https:\/\/www.crfac.org.br\/site\/wp-content\/uploads\/2026\/03\/dc3a224f-7604-4159-88df-3e5375fa3d28-543x305.jpg 543w, https:\/\/www.crfac.org.br\/site\/wp-content\/uploads\/2026\/03\/dc3a224f-7604-4159-88df-3e5375fa3d28-336x189.jpg 336w, https:\/\/www.crfac.org.br\/site\/wp-content\/uploads\/2026\/03\/dc3a224f-7604-4159-88df-3e5375fa3d28.jpg 1280w\" sizes=\"(max-width: 847px) 100vw, 847px\" \/><br \/>\nNa manh\u00e3 da sexta-feira (6), farmac\u00eauticos participaram de um treinamento voltado ao uso do Sistema Nacional de Gerenciamento de Produtos Controlados (SNGPC), ferramenta utilizada para o controle e monitoramento de medicamentos sujeitos a controle especial no pa\u00eds.<\/p>\n<p data-start=\"512\" data-end=\"811\">A capacita\u00e7\u00e3o foi promovida pela AvaFarma e teve como palestrante o farmac\u00eautico Hugo Prates, que apresentou orienta\u00e7\u00f5es t\u00e9cnicas sobre o funcionamento da plataforma e destacou os principais procedimentos exigidos para o envio correto de dados ao sistema da Ag\u00eancia Nacional de Vigil\u00e2ncia Sanit\u00e1ria.<\/p>\n<p data-start=\"813\" data-end=\"1025\">Durante o encontro, os participantes receberam esclarecimentos sobre o uso adequado da ferramenta, al\u00e9m de orienta\u00e7\u00f5es pr\u00e1ticas relacionadas ao registro e acompanhamento de medicamentos controlados nas farm\u00e1cias.<\/p>\n<figure id=\"attachment_28880\"  class=\"figure alignnone\" style=\"width: 857px;\"><img decoding=\"async\" class=\"wp-image-28880 size-site-padrao\" src=\"http:\/\/www.crfac.org.br\/site\/wp-content\/uploads\/2026\/03\/bbd68900-cd75-4d99-9c55-58eda645c7e8-847x476.jpg\" alt=\"\" width=\"847\" height=\"476\" srcset=\"https:\/\/www.crfac.org.br\/site\/wp-content\/uploads\/2026\/03\/bbd68900-cd75-4d99-9c55-58eda645c7e8-847x476.jpg 847w, https:\/\/www.crfac.org.br\/site\/wp-content\/uploads\/2026\/03\/bbd68900-cd75-4d99-9c55-58eda645c7e8-768x432.jpg 768w, https:\/\/www.crfac.org.br\/site\/wp-content\/uploads\/2026\/03\/bbd68900-cd75-4d99-9c55-58eda645c7e8-543x305.jpg 543w, https:\/\/www.crfac.org.br\/site\/wp-content\/uploads\/2026\/03\/bbd68900-cd75-4d99-9c55-58eda645c7e8-336x189.jpg 336w, https:\/\/www.crfac.org.br\/site\/wp-content\/uploads\/2026\/03\/bbd68900-cd75-4d99-9c55-58eda645c7e8.jpg 1280w\" sizes=\"(max-width: 847px) 100vw, 847px\" \/><figcaption class=\"figure-caption\">Representando o CRF-AC, a vice-presidente Schirlene Barboza destacou a import\u00e2ncia do curso no dia a dia dos farmac\u00eauticos.<\/figcaption><\/figure>\n<p data-start=\"1027\" data-end=\"1199\">A atividade contou ainda com o apoio do Conselho Regional de Farm\u00e1cia do Acre (CRF-AC). A institui\u00e7\u00e3o esteve representada no evento pela vice-presidente, Schirlene Barboza.<\/p>\n<figure id=\"attachment_28881\"  class=\"figure alignnone\" style=\"width: 857px;\"><img decoding=\"async\" class=\"wp-image-28881 size-site-padrao\" src=\"http:\/\/www.crfac.org.br\/site\/wp-content\/uploads\/2026\/03\/1548ccb1-7d1c-44af-a743-8a927bd19338-847x476.jpg\" alt=\"\" width=\"847\" height=\"476\" srcset=\"https:\/\/www.crfac.org.br\/site\/wp-content\/uploads\/2026\/03\/1548ccb1-7d1c-44af-a743-8a927bd19338-847x476.jpg 847w, https:\/\/www.crfac.org.br\/site\/wp-content\/uploads\/2026\/03\/1548ccb1-7d1c-44af-a743-8a927bd19338-768x432.jpg 768w, https:\/\/www.crfac.org.br\/site\/wp-content\/uploads\/2026\/03\/1548ccb1-7d1c-44af-a743-8a927bd19338-543x305.jpg 543w, https:\/\/www.crfac.org.br\/site\/wp-content\/uploads\/2026\/03\/1548ccb1-7d1c-44af-a743-8a927bd19338-336x189.jpg 336w, https:\/\/www.crfac.org.br\/site\/wp-content\/uploads\/2026\/03\/1548ccb1-7d1c-44af-a743-8a927bd19338.jpg 1280w\" sizes=\"(max-width: 847px) 100vw, 847px\" \/><figcaption class=\"figure-caption\">Farmac\u00eauticos participam de treinamento sobre o Sistema Nacional de Gerenciamento de Produtos Controlados (SNGPC), voltado \u00e0 atualiza\u00e7\u00e3o de procedimentos e ao correto envio de informa\u00e7\u00f5es \u00e0 plataforma da Anvisa.<\/figcaption><\/figure>\n<p data-start=\"1201\" data-end=\"1471\" data-is-last-node=\"\" data-is-only-node=\"\">A iniciativa buscou fortalecer a qualifica\u00e7\u00e3o dos profissionais farmac\u00eauticos e ampliar o conhecimento sobre as normas que regem o controle de medicamentos, contribuindo para maior seguran\u00e7a no acompanhamento e na dispensa\u00e7\u00e3o de produtos sujeitos \u00e0 vigil\u00e2ncia sanit\u00e1ria.<\/p>\n","protected":false},"excerpt":{"rendered":"<p>Na manh\u00e3 da sexta-feira (6), farmac\u00eauticos participaram de um treinamento voltado ao uso do Sistema Nacional de Gerenciamento de Produtos Controlados (SNGPC), ferramenta utilizada para o controle e monitoramento de medicamentos sujeitos a controle especial no pa\u00eds. A capacita\u00e7\u00e3o foi promovida pela AvaFarma e teve como palestrante o farmac\u00eautico Hugo Prates, que apresentou orienta\u00e7\u00f5es t\u00e9cnicas [&hellip;]<\/p>\n","protected":false},"author":20,"featured_media":28879,"comment_status":"closed","ping_status":"open","sticky":false,"template":"","format":"standard","meta":{"_acf_changed":false,"_joinchat":[],"footnotes":""},"categories":[2,7],"tags":[],"class_list":["post-28878","post","type-post","status-publish","format-standard","has-post-thumbnail","hentry","category-destaques","category-noticias"],"acf":[],"_links":{"self":[{"href":"https:\/\/www.crfac.org.br\/site\/index.php?rest_route=\/wp\/v2\/posts\/28878","targetHints":{"allow":["GET"]}}],"collection":[{"href":"https:\/\/www.crfac.org.br\/site\/index.php?rest_route=\/wp\/v2\/posts"}],"about":[{"href":"https:\/\/www.crfac.org.br\/site\/index.php?rest_route=\/wp\/v2\/types\/post"}],"author":[{"embeddable":true,"href":"https:\/\/www.crfac.org.br\/site\/index.php?rest_route=\/wp\/v2\/users\/20"}],"replies":[{"embeddable":true,"href":"https:\/\/www.crfac.org.br\/site\/index.php?rest_route=%2Fwp%2Fv2%2Fcomments&post=28878"}],"version-history":[{"count":1,"href":"https:\/\/www.crfac.org.br\/site\/index.php?rest_route=\/wp\/v2\/posts\/28878\/revisions"}],"predecessor-version":[{"id":28882,"href":"https:\/\/www.crfac.org.br\/site\/index.php?rest_route=\/wp\/v2\/posts\/28878\/revisions\/28882"}],"wp:featuredmedia":[{"embeddable":true,"href":"https:\/\/www.crfac.org.br\/site\/index.php?rest_route=\/wp\/v2\/media\/28879"}],"wp:attachment":[{"href":"https:\/\/www.crfac.org.br\/site\/index.php?rest_route=%2Fwp%2Fv2%2Fmedia&parent=28878"}],"wp:term":[{"taxonomy":"category","embeddable":true,"href":"https:\/\/www.crfac.org.br\/site\/index.php?rest_route=%2Fwp%2Fv2%2Fcategories&post=28878"},{"taxonomy":"post_tag","embeddable":true,"href":"https:\/\/www.crfac.org.br\/site\/index.php?rest_route=%2Fwp%2Fv2%2Ftags&post=28878"}],"curies":[{"name":"wp","href":"https:\/\/api.w.org\/{rel}","templated":true}]}}