{"id":28801,"date":"2025-12-12T15:20:09","date_gmt":"2025-12-12T18:20:09","guid":{"rendered":"https:\/\/www.crfac.org.br\/?p=28801"},"modified":"2025-12-12T15:20:09","modified_gmt":"2025-12-12T18:20:09","slug":"conselheiros-e-nova-diretoria-do-crf-ac-tomam-posse-para-os-proximos-mandatos","status":"publish","type":"post","link":"https:\/\/www.crfac.org.br\/site\/?p=28801","title":{"rendered":"Conselheiros e Nova Diretoria do CRF-AC Tomam Posse para os Pr\u00f3ximos Mandatos"},"content":{"rendered":"<p><!-- NOT\u00cdCIA CRF-AC | Posse dos Conselheiros e Diretoria --><\/p>\n<h2>Conselheiros e Nova Diretoria do CRF-AC Tomam Posse para os Pr\u00f3ximos Mandatos<\/h2>\n<p>O Conselho Regional de Farm\u00e1cia do Acre (CRF-AC) realizou, na tarde desta quinta-feira, <strong>11 de dezembro<\/strong>, a solenidade de posse dos novos <strong>Conselheiros Regionais<\/strong>, marcando o in\u00edcio de um novo ciclo de trabalho em prol da categoria farmac\u00eautica em todo o estado.<\/p>\n<p><!-- IMAGEM PRINCIPAL --><\/p>\n<figure class=\"wp-block-image aligncenter\">\n  <img decoding=\"async\" \n    src=\"http:\/\/www.crfac.org.br\/site\/wp-content\/uploads\/2025\/12\/WhatsApp-Image-2025-12-12-at-15.01.17.jpeg\" \n    alt=\"Solenidade de posse dos Conselheiros e Diretoria do CRF-AC\" \/><figcaption>Solenidade de posse dos novos Conselheiros e da Diretoria do CRF-AC.<\/figcaption><\/figure>\n<p>Os conselheiros empossados assumir\u00e3o mandato para o <strong>quadri\u00eanio 2026\u20132030<\/strong>, refor\u00e7ando o compromisso do CRF-AC com a valoriza\u00e7\u00e3o profissional, a \u00e9tica e o fortalecimento da atua\u00e7\u00e3o farmac\u00eautica no Acre.<\/p>\n<h3>Conselheiros Regionais Empossados<\/h3>\n<p>Foram oficialmente empossados como Conselheiros Regionais do CRF-AC:<\/p>\n<ul>\n<li><strong>Dra. Larissa Botelho dos Santos<\/strong><\/li>\n<li><strong>Dra. Schirlene Beserra<\/strong><\/li>\n<li><strong>Dr. Misael Duarte<\/strong><\/li>\n<li><strong>Dr. Charles Freitas<\/strong><\/li>\n<li><strong>Dr. Ant\u00f4nio Marcelo Xavier da Rocha<\/strong><\/li>\n<li><strong>Dra. Thairine da Silva Juc\u00e1<\/strong><\/li>\n<li><strong>Dr. Marcos Felipe da Silva Nascimento<\/strong><\/li>\n<li><strong>Dra. Talita Karolyne Matny da Costa<\/strong><\/li>\n<\/ul>\n<h3>Representa\u00e7\u00e3o no Conselho Federal de Farm\u00e1cia<\/h3>\n<p>De forma simb\u00f3lica, tamb\u00e9m tomaram posse durante a solenidade:<\/p>\n<ul>\n<li><strong>Dr. Bruno Oliveira Ara\u00fajo<\/strong>, Conselheiro Federal<\/li>\n<li><strong>Dr. Jairo Jos\u00e9 Bezerra da Silva<\/strong>, suplente<\/li>\n<\/ul>\n<p>A posse oficial junto ao <strong>Conselho Federal de Farm\u00e1cia (CFF)<\/strong> ocorrer\u00e1 em <strong>Bras\u00edlia<\/strong>, no dia <strong>16 de dezembro de 2025<\/strong>.<\/p>\n<p><!-- SEGUNDA IMAGEM --><\/p>\n<figure class=\"wp-block-image aligncenter\">\n  <img decoding=\"async\" \n    src=\"http:\/\/www.crfac.org.br\/site\/wp-content\/uploads\/2025\/12\/WhatsApp-Image-2025-12-12-at-15.01.17-1.jpeg\" \n    alt=\"Conselheiros e Diretoria do CRF-AC empossados\" \/><figcaption>Conselheiros Regionais e membros da Diretoria do CRF-AC empossados.<\/figcaption><\/figure>\n<h3>Nova Diretoria do CRF-AC \u2013 Bi\u00eanio 2026\/2027<\/h3>\n<p>Na mesma cerim\u00f4nia, foi diplomada a <strong>nova Diretoria do CRF-AC<\/strong> para o bi\u00eanio <strong>2026\/2027<\/strong>, eleita em pleito realizado no dia <strong>12 de novembro de 2025<\/strong>.<\/p>\n<p>A chapa vencedora, liderada pela <strong>Dra. Larissa Botelho<\/strong>, assume a miss\u00e3o de dar continuidade aos trabalhos j\u00e1 desenvolvidos, fortalecer o di\u00e1logo com os profissionais farmac\u00eauticos, promover a valoriza\u00e7\u00e3o da categoria e atender \u00e0s demandas da sociedade acreana.<\/p>\n<p>A nova Diretoria \u00e9 composta por:<\/p>\n<ul>\n<li><strong>Presidente:<\/strong> Dra. Larissa Botelho dos Santos<\/li>\n<li><strong>Vice-Presidente:<\/strong> Dra. Schirlene Beserra<\/li>\n<li><strong>Secret\u00e1rio-Geral:<\/strong> Dr. Misael Duarte<\/li>\n<li><strong>Tesoureiro:<\/strong> Dr. Charles Freitas<\/li>\n<\/ul>\n<h3>Compromisso com a Valoriza\u00e7\u00e3o da Categoria<\/h3>\n<p>Durante a solenidade, a nova presidente destacou a import\u00e2ncia da uni\u00e3o da categoria e o compromisso com uma gest\u00e3o transparente, participativa e atuante:<\/p>\n<blockquote>\n<p>\u201cEstou muito feliz em poder representar a classe farmac\u00eautica. Agrade\u00e7o \u00e0 gest\u00e3o que est\u00e1 se encerrando e refor\u00e7o que nossa gest\u00e3o ir\u00e1 trabalhar por mudan\u00e7as, sempre com foco na valoriza\u00e7\u00e3o dos profissionais farmac\u00eauticos do nosso estado. Ser\u00e1 um grande desafio, mas assumimos essa responsabilidade com muito compromisso.\u201d<\/p>\n<\/blockquote>\n<p>A nova gest\u00e3o assume oficialmente seus respectivos cargos a partir do <strong>dia 1\u00ba de janeiro de 2026<\/strong>.<\/p>\n<hr>\n<p><em>Fotos: CRF-AC<\/em><\/p>\n","protected":false},"excerpt":{"rendered":"<p>Conselheiros e Nova Diretoria do CRF-AC Tomam Posse para os Pr\u00f3ximos Mandatos O Conselho Regional de Farm\u00e1cia do Acre (CRF-AC) realizou, na tarde desta quinta-feira, 11 de dezembro, a solenidade de posse dos novos Conselheiros Regionais, marcando o in\u00edcio de um novo ciclo de trabalho em prol da categoria farmac\u00eautica em todo o estado. Solenidade [&hellip;]<\/p>\n","protected":false},"author":1,"featured_media":28800,"comment_status":"closed","ping_status":"open","sticky":false,"template":"","format":"standard","meta":{"_acf_changed":false,"_joinchat":[],"footnotes":""},"categories":[2,7],"tags":[],"class_list":["post-28801","post","type-post","status-publish","format-standard","has-post-thumbnail","hentry","category-destaques","category-noticias"],"acf":[],"_links":{"self":[{"href":"https:\/\/www.crfac.org.br\/site\/index.php?rest_route=\/wp\/v2\/posts\/28801","targetHints":{"allow":["GET"]}}],"collection":[{"href":"https:\/\/www.crfac.org.br\/site\/index.php?rest_route=\/wp\/v2\/posts"}],"about":[{"href":"https:\/\/www.crfac.org.br\/site\/index.php?rest_route=\/wp\/v2\/types\/post"}],"author":[{"embeddable":true,"href":"https:\/\/www.crfac.org.br\/site\/index.php?rest_route=\/wp\/v2\/users\/1"}],"replies":[{"embeddable":true,"href":"https:\/\/www.crfac.org.br\/site\/index.php?rest_route=%2Fwp%2Fv2%2Fcomments&post=28801"}],"version-history":[{"count":1,"href":"https:\/\/www.crfac.org.br\/site\/index.php?rest_route=\/wp\/v2\/posts\/28801\/revisions"}],"predecessor-version":[{"id":28802,"href":"https:\/\/www.crfac.org.br\/site\/index.php?rest_route=\/wp\/v2\/posts\/28801\/revisions\/28802"}],"wp:featuredmedia":[{"embeddable":true,"href":"https:\/\/www.crfac.org.br\/site\/index.php?rest_route=\/wp\/v2\/media\/28800"}],"wp:attachment":[{"href":"https:\/\/www.crfac.org.br\/site\/index.php?rest_route=%2Fwp%2Fv2%2Fmedia&parent=28801"}],"wp:term":[{"taxonomy":"category","embeddable":true,"href":"https:\/\/www.crfac.org.br\/site\/index.php?rest_route=%2Fwp%2Fv2%2Fcategories&post=28801"},{"taxonomy":"post_tag","embeddable":true,"href":"https:\/\/www.crfac.org.br\/site\/index.php?rest_route=%2Fwp%2Fv2%2Ftags&post=28801"}],"curies":[{"name":"wp","href":"https:\/\/api.w.org\/{rel}","templated":true}]}}