{"id":28742,"date":"2025-09-15T17:02:39","date_gmt":"2025-09-15T20:02:39","guid":{"rendered":"https:\/\/www.crfac.org.br\/?p=28742"},"modified":"2025-09-15T17:03:46","modified_gmt":"2025-09-15T20:03:46","slug":"ii-corrida-farmaceutica-e-contabil","status":"publish","type":"post","link":"https:\/\/www.crfac.org.br\/site\/?p=28742","title":{"rendered":"II Corrida Farmac\u00eautica e Cont\u00e1bil"},"content":{"rendered":"<p style=\"text-align: justify;\">Acontece no pr\u00f3ximo domingo, 21 de setembro, a II Corrida Farmac\u00eautica e Cont\u00e1bil, evento que promete movimentar a cidade com a participa\u00e7\u00e3o de aproximadamente mil inscritos, entre farmac\u00eauticos, contadores e a comunidade em geral.<\/p>\n<p style=\"text-align: justify;\">A iniciativa, organizada em conjunto pelo Conselho Regional de Farm\u00e1cia do Acre (CRF\/AC), o Conselho Regional de Contabilidade do Acre (CRC\/AC) e o grupo Long\u00e3o Elite, \u00e9 em alus\u00e3o ao dia do T\u00e9cnico de Laborat\u00f3rio comemorado no \u00faltimo dia 06, ao dia do Contador, no pr\u00f3ximo dia 22, e ao dia internacional do Farmac\u00eautico comemorado no pr\u00f3ximo dia 25 de setembro.<\/p>\n<p style=\"text-align: justify;\">Al\u00e9m disso, a proposta tamb\u00e9m visa integrar profissionais da sa\u00fade, da contabilidade e a popula\u00e7\u00e3o em uma atividade voltada para o bem-estar, esporte e solidariedade, com o destaque para as a\u00e7\u00f5es do Setembro amarelo, m\u00eas voltado para promo\u00e7\u00f5es de eventos que buscam uma melhor qualidade de vida e sa\u00fade mental.<\/p>\n<p style=\"text-align: justify;\">O evento conta com a parceria de mais de 30 empresas locais e se destaca pelo car\u00e1ter social, isso porque, n\u00e3o houve cobran\u00e7a de taxa de inscri\u00e7\u00e3o, apenas a doa\u00e7\u00e3o de 3 kg de alimentos n\u00e3o perec\u00edveis por participante. A expectativa \u00e9 superar a marca de 2.500 kg de alimentos arrecadados, que ser\u00e3o destinados a institui\u00e7\u00f5es previamente definidas pelos conselhos organizadores.<br \/>\nAl\u00e9m da pr\u00e1tica esportiva e da promo\u00e7\u00e3o de h\u00e1bitos saud\u00e1veis, a corrida refor\u00e7a a import\u00e2ncia da uni\u00e3o entre diferentes categorias profissionais em prol da comunidade.<\/p>\n<p style=\"text-align: justify;\"><strong>Servi\u00e7o<\/strong>: A Corrida Acontece no pr\u00f3ximo dia 21.09, domingo, a partir das 05:00h<br \/>\n<strong>Largada<\/strong>: Em frente ao CRC\/AC \u200d\u2640\ufe0f &#8211; Estrada Dias Martins, 438<\/p>\n<p>&nbsp;<\/p>\n<p><img decoding=\"async\" class=\"aligncenter wp-image-28743\" src=\"http:\/\/www.crfac.org.br\/site\/wp-content\/uploads\/2025\/09\/crf-equipe.jpeg\" alt=\"\" width=\"139\" height=\"300\" srcset=\"https:\/\/www.crfac.org.br\/site\/wp-content\/uploads\/2025\/09\/crf-equipe.jpeg 739w, https:\/\/www.crfac.org.br\/site\/wp-content\/uploads\/2025\/09\/crf-equipe-709x1536.jpeg 709w, https:\/\/www.crfac.org.br\/site\/wp-content\/uploads\/2025\/09\/crf-equipe-543x1176.jpeg 543w, https:\/\/www.crfac.org.br\/site\/wp-content\/uploads\/2025\/09\/crf-equipe-336x727.jpeg 336w\" sizes=\"(max-width: 139px) 100vw, 139px\" \/>\u00a0a Presidente do CRF-AC,Dra. M\u00e1rcia Rafaele,\u00a0 a representante do Conselho Regional de Contabilidade do Acre (CRC-AC), Mirla Rodrigues, e o presidente da Associa\u00e7\u00e3o Long\u00e3o Elite, Luc Lima,<\/p>\n","protected":false},"excerpt":{"rendered":"<p>Acontece no pr\u00f3ximo domingo, 21 de setembro, a II Corrida Farmac\u00eautica e Cont\u00e1bil, evento que promete movimentar a cidade com a participa\u00e7\u00e3o de aproximadamente mil inscritos, entre farmac\u00eauticos, contadores e a comunidade em geral. A iniciativa, organizada em conjunto pelo Conselho Regional de Farm\u00e1cia do Acre (CRF\/AC), o Conselho Regional de Contabilidade do Acre (CRC\/AC) [&hellip;]<\/p>\n","protected":false},"author":1,"featured_media":28744,"comment_status":"closed","ping_status":"open","sticky":false,"template":"","format":"standard","meta":{"_acf_changed":false,"_joinchat":[],"footnotes":""},"categories":[2,7],"tags":[],"class_list":["post-28742","post","type-post","status-publish","format-standard","has-post-thumbnail","hentry","category-destaques","category-noticias"],"acf":[],"_links":{"self":[{"href":"https:\/\/www.crfac.org.br\/site\/index.php?rest_route=\/wp\/v2\/posts\/28742","targetHints":{"allow":["GET"]}}],"collection":[{"href":"https:\/\/www.crfac.org.br\/site\/index.php?rest_route=\/wp\/v2\/posts"}],"about":[{"href":"https:\/\/www.crfac.org.br\/site\/index.php?rest_route=\/wp\/v2\/types\/post"}],"author":[{"embeddable":true,"href":"https:\/\/www.crfac.org.br\/site\/index.php?rest_route=\/wp\/v2\/users\/1"}],"replies":[{"embeddable":true,"href":"https:\/\/www.crfac.org.br\/site\/index.php?rest_route=%2Fwp%2Fv2%2Fcomments&post=28742"}],"version-history":[{"count":3,"href":"https:\/\/www.crfac.org.br\/site\/index.php?rest_route=\/wp\/v2\/posts\/28742\/revisions"}],"predecessor-version":[{"id":28747,"href":"https:\/\/www.crfac.org.br\/site\/index.php?rest_route=\/wp\/v2\/posts\/28742\/revisions\/28747"}],"wp:featuredmedia":[{"embeddable":true,"href":"https:\/\/www.crfac.org.br\/site\/index.php?rest_route=\/wp\/v2\/media\/28744"}],"wp:attachment":[{"href":"https:\/\/www.crfac.org.br\/site\/index.php?rest_route=%2Fwp%2Fv2%2Fmedia&parent=28742"}],"wp:term":[{"taxonomy":"category","embeddable":true,"href":"https:\/\/www.crfac.org.br\/site\/index.php?rest_route=%2Fwp%2Fv2%2Fcategories&post=28742"},{"taxonomy":"post_tag","embeddable":true,"href":"https:\/\/www.crfac.org.br\/site\/index.php?rest_route=%2Fwp%2Fv2%2Ftags&post=28742"}],"curies":[{"name":"wp","href":"https:\/\/api.w.org\/{rel}","templated":true}]}}