{"id":28664,"date":"2025-03-29T22:26:37","date_gmt":"2025-03-30T01:26:37","guid":{"rendered":"https:\/\/www.crfac.org.br\/?p=28664"},"modified":"2025-03-29T22:27:24","modified_gmt":"2025-03-30T01:27:24","slug":"membro-da-diretoria-do-crf-ac-recebe-a-comenda-do-merito-farmaceutico-2024","status":"publish","type":"post","link":"https:\/\/www.crfac.org.br\/site\/?p=28664","title":{"rendered":"Membro da diretoria do CRF-AC recebe A Comenda do M\u00e9rito Farmac\u00eautico 2024"},"content":{"rendered":"<p style=\"text-align: justify;\">Aconteceu nessa sexta, em Bras\u00edlia, a entrega da Comenda do M\u00e9rito Farmac\u00eautico 2024. Entre os homenageados est\u00e1 o farmac\u00eautico e diretor do CRF-AC, <strong>Dr. Josiano Onofre Brito de Lima Souza<\/strong>. Ele foi indicado pelo mandato da Conselheira Federal de Farm\u00e1cia do Acre, Dra Isabela Sobrinho.<\/p>\n<p style=\"text-align: justify;\">Certa da indica\u00e7\u00e3o, a conselheira destaca que \u00e9 importante reconhecer o trabalho do <strong>Dr. Josiano<\/strong>, que tanto tem contribu\u00eddo para a profiss\u00e3o. \u201cEssa indica\u00e7\u00e3o foi uma forma de reconhecer o trabalho e a dedica\u00e7\u00e3o deste profissional, seja no seu empreendimento, ou tamb\u00e9m, como diretor do CRC\/AC, aonde se dedica e tem colaborado para uma mudan\u00e7a significativa para a a nossa profiss\u00e3o no estado do Acre\u201d<\/p>\n<p style=\"text-align: justify;\">Segundo o Conselho Federal de Farm\u00e1cia, a escolha dos homenageados com a Comenda do M\u00e9rito Farmac\u00eautico \u00e9 baseada em crit\u00e9rios que envolvem o compromisso com a \u00e9tica, a excel\u00eancia t\u00e9cnica, a inova\u00e7\u00e3o, a forma\u00e7\u00e3o cont\u00ednua e a contribui\u00e7\u00e3o para o aprimoramento do sistema de sa\u00fade.<\/p>\n<p style=\"text-align: justify;\">Orgulhosa de ter o <strong>Dr Josiano<\/strong> na atual diretoria do CRF-AC, a presidente do CRF-AC, lembrou que \u00e9 um momento muito importante para reconhecer o trabalho dos profissionais do estado.<\/p>\n<p style=\"text-align: justify;\">\u201cCompartilhar desse momento com um profissional t\u00e3o dedicado e \u00e9tico em tudo que faz, nos inspira a continuar fazendo o que \u00e9 certo. Josiano, \u00e9 reconhecido por todos farmac\u00eauticos como um profissional inspirador, e \u00e9 uma forma tamb\u00e9m, de dedicar essa homenagem a todos os a todos os colegas do estado do Acre\u201d, concluiu<\/p>\n<p style=\"text-align: justify;\">Emocionado, o homenageado lembrou que essa comenda faz com que continue exercendo a profiss\u00e3o com respeito e seriedade, contribuindo todos os dias para um melhor atendimento na rede farmac\u00eautica.<\/p>\n<p style=\"text-align: justify;\">\u201cRecebo esta honraria com profunda gratid\u00e3o e humildade, sei que ela n\u00e3o pertence apenas a mim, mas a todos aqueles que me ajudaram de alguma forma a chegar at\u00e9 aqui; pais, mestres, professores e colegas de profiss\u00e3o. Ser farmac\u00eautico, \u00e9 mais do que exercer a profiss\u00e3o; \u00e9 carregar no cora\u00e7\u00e3o a ess\u00eancia e o compromisso de servir ao pr\u00f3ximo. \u201c Finalizou o <strong>Dr Josiano Brito<\/strong>, formado pelo Centro Universit\u00e1rio do Par\u00e1, em 1998, e p\u00f3s-graduado em an\u00e1lise cl\u00ednicas, atuante na profiss\u00e3o h\u00e1 27 anos.<\/p>\n","protected":false},"excerpt":{"rendered":"<p>Aconteceu nessa sexta, em Bras\u00edlia, a entrega da Comenda do M\u00e9rito Farmac\u00eautico 2024. Entre os homenageados est\u00e1 o farmac\u00eautico e diretor do CRF-AC, Dr. Josiano Onofre Brito de Lima Souza. Ele foi indicado pelo mandato da Conselheira Federal de Farm\u00e1cia do Acre, Dra Isabela Sobrinho. Certa da indica\u00e7\u00e3o, a conselheira destaca que \u00e9 importante reconhecer [&hellip;]<\/p>\n","protected":false},"author":1,"featured_media":28661,"comment_status":"closed","ping_status":"open","sticky":false,"template":"","format":"standard","meta":{"_acf_changed":false,"_joinchat":[],"footnotes":""},"categories":[2,7],"tags":[],"class_list":["post-28664","post","type-post","status-publish","format-standard","has-post-thumbnail","hentry","category-destaques","category-noticias"],"acf":[],"_links":{"self":[{"href":"https:\/\/www.crfac.org.br\/site\/index.php?rest_route=\/wp\/v2\/posts\/28664","targetHints":{"allow":["GET"]}}],"collection":[{"href":"https:\/\/www.crfac.org.br\/site\/index.php?rest_route=\/wp\/v2\/posts"}],"about":[{"href":"https:\/\/www.crfac.org.br\/site\/index.php?rest_route=\/wp\/v2\/types\/post"}],"author":[{"embeddable":true,"href":"https:\/\/www.crfac.org.br\/site\/index.php?rest_route=\/wp\/v2\/users\/1"}],"replies":[{"embeddable":true,"href":"https:\/\/www.crfac.org.br\/site\/index.php?rest_route=%2Fwp%2Fv2%2Fcomments&post=28664"}],"version-history":[{"count":1,"href":"https:\/\/www.crfac.org.br\/site\/index.php?rest_route=\/wp\/v2\/posts\/28664\/revisions"}],"predecessor-version":[{"id":28665,"href":"https:\/\/www.crfac.org.br\/site\/index.php?rest_route=\/wp\/v2\/posts\/28664\/revisions\/28665"}],"wp:featuredmedia":[{"embeddable":true,"href":"https:\/\/www.crfac.org.br\/site\/index.php?rest_route=\/wp\/v2\/media\/28661"}],"wp:attachment":[{"href":"https:\/\/www.crfac.org.br\/site\/index.php?rest_route=%2Fwp%2Fv2%2Fmedia&parent=28664"}],"wp:term":[{"taxonomy":"category","embeddable":true,"href":"https:\/\/www.crfac.org.br\/site\/index.php?rest_route=%2Fwp%2Fv2%2Fcategories&post=28664"},{"taxonomy":"post_tag","embeddable":true,"href":"https:\/\/www.crfac.org.br\/site\/index.php?rest_route=%2Fwp%2Fv2%2Ftags&post=28664"}],"curies":[{"name":"wp","href":"https:\/\/api.w.org\/{rel}","templated":true}]}}