{"id":28639,"date":"2024-10-15T17:13:24","date_gmt":"2024-10-15T20:13:24","guid":{"rendered":"https:\/\/www.crfac.org.br\/?p=28639"},"modified":"2024-10-15T17:26:06","modified_gmt":"2024-10-15T20:26:06","slug":"divulgacao-do-resultado-final-do-concurso-publico-do-crf-ac","status":"publish","type":"post","link":"https:\/\/www.crfac.org.br\/site\/?p=28639","title":{"rendered":"Divulga\u00e7\u00e3o do Resultado Final do Concurso P\u00fablico do CRF-AC"},"content":{"rendered":"<p>O Conselho Regional de Farm\u00e1cia do Acre (CRF-AC) informa que o resultado final do Concurso P\u00fablico para Cargos de N\u00edvel M\u00e9dio e N\u00edvel Superior j\u00e1 est\u00e1 dispon\u00edvel. A lista completa com os nomes dos aprovados pode ser consultada, <a href=\"http:\/\/www.crfac.org.br\/site\/wp-content\/uploads\/2024\/10\/1_CRF-AC_concurso_publico_2024_resultado_final.pdf\">Clique Aqui<\/a> conforme os crit\u00e9rios estabelecidos no edital.<\/p>\n<p>Agradecemos a todos os candidatos pela participa\u00e7\u00e3o e parabenizamos os aprovados pela conquista. Em breve, os selecionados ser\u00e3o convocados para as pr\u00f3ximas etapas, conforme as orienta\u00e7\u00f5es presentes no edital.<\/p>\n<p>Fique atento \u00e0s nossas atualiza\u00e7\u00f5es e, em caso de d\u00favidas, entre em contato com a nossa equipe de atendimento.<\/p>\n<p>Conselho Regional de Farm\u00e1cia do Acre &#8211; CRF-AC<br \/>\nUnindo profissionais, promovendo a sa\u00fade.<\/p>\n<div id=\"acfifjfajpekbmhmjppnmmjgmhjkildl\" class=\"acfifjfajpekbmhmjppnmmjgmhjkildl\"><\/div>\n<div id=\"acfifjfajpekbmhmjppnmmjgmhjkildl\" class=\"acfifjfajpekbmhmjppnmmjgmhjkildl\"><\/div>\n<div id=\"acfifjfajpekbmhmjppnmmjgmhjkildl\" class=\"acfifjfajpekbmhmjppnmmjgmhjkildl\"><\/div>\n","protected":false},"excerpt":{"rendered":"<p>O Conselho Regional de Farm\u00e1cia do Acre (CRF-AC) informa que o resultado final do Concurso P\u00fablico para Cargos de N\u00edvel M\u00e9dio e N\u00edvel Superior j\u00e1 est\u00e1 dispon\u00edvel. A lista completa com os nomes dos aprovados pode ser consultada, Clique Aqui conforme os crit\u00e9rios estabelecidos no edital. Agradecemos a todos os candidatos pela participa\u00e7\u00e3o e parabenizamos [&hellip;]<\/p>\n","protected":false},"author":1,"featured_media":28641,"comment_status":"closed","ping_status":"open","sticky":false,"template":"","format":"standard","meta":{"_acf_changed":false,"_joinchat":[],"footnotes":""},"categories":[2,7],"tags":[],"class_list":["post-28639","post","type-post","status-publish","format-standard","has-post-thumbnail","hentry","category-destaques","category-noticias"],"acf":[],"_links":{"self":[{"href":"https:\/\/www.crfac.org.br\/site\/index.php?rest_route=\/wp\/v2\/posts\/28639","targetHints":{"allow":["GET"]}}],"collection":[{"href":"https:\/\/www.crfac.org.br\/site\/index.php?rest_route=\/wp\/v2\/posts"}],"about":[{"href":"https:\/\/www.crfac.org.br\/site\/index.php?rest_route=\/wp\/v2\/types\/post"}],"author":[{"embeddable":true,"href":"https:\/\/www.crfac.org.br\/site\/index.php?rest_route=\/wp\/v2\/users\/1"}],"replies":[{"embeddable":true,"href":"https:\/\/www.crfac.org.br\/site\/index.php?rest_route=%2Fwp%2Fv2%2Fcomments&post=28639"}],"version-history":[{"count":4,"href":"https:\/\/www.crfac.org.br\/site\/index.php?rest_route=\/wp\/v2\/posts\/28639\/revisions"}],"predecessor-version":[{"id":28649,"href":"https:\/\/www.crfac.org.br\/site\/index.php?rest_route=\/wp\/v2\/posts\/28639\/revisions\/28649"}],"wp:featuredmedia":[{"embeddable":true,"href":"https:\/\/www.crfac.org.br\/site\/index.php?rest_route=\/wp\/v2\/media\/28641"}],"wp:attachment":[{"href":"https:\/\/www.crfac.org.br\/site\/index.php?rest_route=%2Fwp%2Fv2%2Fmedia&parent=28639"}],"wp:term":[{"taxonomy":"category","embeddable":true,"href":"https:\/\/www.crfac.org.br\/site\/index.php?rest_route=%2Fwp%2Fv2%2Fcategories&post=28639"},{"taxonomy":"post_tag","embeddable":true,"href":"https:\/\/www.crfac.org.br\/site\/index.php?rest_route=%2Fwp%2Fv2%2Ftags&post=28639"}],"curies":[{"name":"wp","href":"https:\/\/api.w.org\/{rel}","templated":true}]}}