{"id":28633,"date":"2024-09-24T00:20:05","date_gmt":"2024-09-24T03:20:05","guid":{"rendered":"https:\/\/www.crfac.org.br\/?p=28633"},"modified":"2024-09-24T00:24:39","modified_gmt":"2024-09-24T03:24:39","slug":"crf-realiza-com-sucesso-primeira-corrida-do-conselho-em-parceria-com-o-crc-e-longao-elite","status":"publish","type":"post","link":"https:\/\/www.crfac.org.br\/site\/?p=28633","title":{"rendered":"CRF realiza com sucesso primeira corrida do Conselho em parceria com o CRC e Long\u00e3o Elite"},"content":{"rendered":"<p style=\"text-align: justify;\">No \u00faltimo domingo, 22, o Conselho Regional de Farm\u00e1cia do Acre (CRF\/AC) promoveu a sua primeira corrida, em uma emocionante parceria com o Conselho Regional de Contabilidade (CRC) e a equipe Long\u00e3o Elite. O evento, que atraiu corredores de diversas idades e n\u00edveis de experi\u00eancia, teve como objetivo promover a sa\u00fade, o bem-estar e a integra\u00e7\u00e3o entre os profissionais da \u00e1rea.<\/p>\n<p style=\"text-align: justify;\"><img fetchpriority=\"high\" decoding=\"async\" class=\"alignnone size-site-padrao wp-image-28635\" src=\"http:\/\/www.crfac.org.br\/site\/wp-content\/uploads\/2024\/09\/IMG-20240923-WA0120-847x564.jpg\" alt=\"\" width=\"847\" height=\"564\" srcset=\"https:\/\/www.crfac.org.br\/site\/wp-content\/uploads\/2024\/09\/IMG-20240923-WA0120-847x564.jpg 847w, https:\/\/www.crfac.org.br\/site\/wp-content\/uploads\/2024\/09\/IMG-20240923-WA0120-768x512.jpg 768w, https:\/\/www.crfac.org.br\/site\/wp-content\/uploads\/2024\/09\/IMG-20240923-WA0120-1536x1023.jpg 1536w, https:\/\/www.crfac.org.br\/site\/wp-content\/uploads\/2024\/09\/IMG-20240923-WA0120-543x362.jpg 543w, https:\/\/www.crfac.org.br\/site\/wp-content\/uploads\/2024\/09\/IMG-20240923-WA0120-336x224.jpg 336w, https:\/\/www.crfac.org.br\/site\/wp-content\/uploads\/2024\/09\/IMG-20240923-WA0120.jpg 1600w\" sizes=\"(max-width: 847px) 100vw, 847px\" \/><\/p>\n<p style=\"text-align: justify;\">A corrida, que contou com percursos de diferentes dist\u00e2ncias, proporcionou uma manh\u00e3 de atividades saud\u00e1veis e confraterniza\u00e7\u00e3o entre os participantes. Desde os mais experientes at\u00e9 os iniciantes, todos tiveram a oportunidade de se desafiar e vivenciar a energia contagiante do evento.<\/p>\n<p style=\"text-align: justify;\">A presidente do CRF\/AC, Dra. Marcia Rafaele, destacou a import\u00e2ncia da corrida n\u00e3o apenas como uma atividade f\u00edsica, mas tamb\u00e9m como uma forma de promover o fortalecimento das rela\u00e7\u00f5es entre os conselhos e a comunidade. \u201cEstamos muito felizes com a realiza\u00e7\u00e3o deste evento. A corrida \u00e9 uma excelente oportunidade para incentivar a pr\u00e1tica de atividades f\u00edsicas e, ao mesmo tempo, promover a uni\u00e3o entre os profissionais de diferentes \u00e1reas\u201d, afirmou.<\/p>\n<p style=\"text-align: justify;\"><img decoding=\"async\" class=\"alignnone size-site-padrao wp-image-28636\" src=\"http:\/\/www.crfac.org.br\/site\/wp-content\/uploads\/2024\/09\/IMG-20240923-WA0121-847x564.jpg\" alt=\"\" width=\"847\" height=\"564\" srcset=\"https:\/\/www.crfac.org.br\/site\/wp-content\/uploads\/2024\/09\/IMG-20240923-WA0121-847x564.jpg 847w, https:\/\/www.crfac.org.br\/site\/wp-content\/uploads\/2024\/09\/IMG-20240923-WA0121-768x512.jpg 768w, https:\/\/www.crfac.org.br\/site\/wp-content\/uploads\/2024\/09\/IMG-20240923-WA0121-1536x1023.jpg 1536w, https:\/\/www.crfac.org.br\/site\/wp-content\/uploads\/2024\/09\/IMG-20240923-WA0121-543x362.jpg 543w, https:\/\/www.crfac.org.br\/site\/wp-content\/uploads\/2024\/09\/IMG-20240923-WA0121-336x224.jpg 336w, https:\/\/www.crfac.org.br\/site\/wp-content\/uploads\/2024\/09\/IMG-20240923-WA0121.jpg 1600w\" sizes=\"(max-width: 847px) 100vw, 847px\" \/><\/p>\n<p style=\"text-align: justify;\">Al\u00e9m da corrida, o evento contou com barracas de apoio, onde foram oferecidos servi\u00e7os de sa\u00fade e sorteio de muitos brindes. Os participantes tamb\u00e9m puderam desfrutar de momentos de descontra\u00e7\u00e3o e intera\u00e7\u00e3o, fortalecendo o esp\u00edrito de equipe e camaradagem.<\/p>\n<p style=\"text-align: justify;\">A parceria com o CRC e a equipe Long\u00e3o Elite foi fundamental para o sucesso do evento, demonstrando a capacidade de colabora\u00e7\u00e3o entre os conselhos e a import\u00e2ncia de iniciativas que promovem a sa\u00fade e o bem-estar da popula\u00e7\u00e3o.<\/p>\n<p style=\"text-align: justify;\">As expectativas para futuras edi\u00e7\u00f5es da corrida s\u00e3o altas, com a inten\u00e7\u00e3o de torn\u00e1-la um evento anual, contribuindo para a cultura de sa\u00fade e qualidade de vida entre os profissionais e a comunidade. O sucesso da primeira corrida do CRF\/AC \u00e9 um passo significativo em dire\u00e7\u00e3o a essa meta, consolidando o compromisso da institui\u00e7\u00e3o com a promo\u00e7\u00e3o da sa\u00fade e a valoriza\u00e7\u00e3o do esporte.<\/p>\n","protected":false},"excerpt":{"rendered":"<p>No \u00faltimo domingo, 22, o Conselho Regional de Farm\u00e1cia do Acre (CRF\/AC) promoveu a sua primeira corrida, em uma emocionante parceria com o Conselho Regional de Contabilidade (CRC) e a equipe Long\u00e3o Elite. O evento, que atraiu corredores de diversas idades e n\u00edveis de experi\u00eancia, teve como objetivo promover a sa\u00fade, o bem-estar e a [&hellip;]<\/p>\n","protected":false},"author":1,"featured_media":28634,"comment_status":"closed","ping_status":"open","sticky":false,"template":"","format":"standard","meta":{"_acf_changed":false,"_joinchat":[],"footnotes":""},"categories":[2,7],"tags":[],"class_list":["post-28633","post","type-post","status-publish","format-standard","has-post-thumbnail","hentry","category-destaques","category-noticias"],"acf":[],"_links":{"self":[{"href":"https:\/\/www.crfac.org.br\/site\/index.php?rest_route=\/wp\/v2\/posts\/28633","targetHints":{"allow":["GET"]}}],"collection":[{"href":"https:\/\/www.crfac.org.br\/site\/index.php?rest_route=\/wp\/v2\/posts"}],"about":[{"href":"https:\/\/www.crfac.org.br\/site\/index.php?rest_route=\/wp\/v2\/types\/post"}],"author":[{"embeddable":true,"href":"https:\/\/www.crfac.org.br\/site\/index.php?rest_route=\/wp\/v2\/users\/1"}],"replies":[{"embeddable":true,"href":"https:\/\/www.crfac.org.br\/site\/index.php?rest_route=%2Fwp%2Fv2%2Fcomments&post=28633"}],"version-history":[{"count":1,"href":"https:\/\/www.crfac.org.br\/site\/index.php?rest_route=\/wp\/v2\/posts\/28633\/revisions"}],"predecessor-version":[{"id":28637,"href":"https:\/\/www.crfac.org.br\/site\/index.php?rest_route=\/wp\/v2\/posts\/28633\/revisions\/28637"}],"wp:featuredmedia":[{"embeddable":true,"href":"https:\/\/www.crfac.org.br\/site\/index.php?rest_route=\/wp\/v2\/media\/28634"}],"wp:attachment":[{"href":"https:\/\/www.crfac.org.br\/site\/index.php?rest_route=%2Fwp%2Fv2%2Fmedia&parent=28633"}],"wp:term":[{"taxonomy":"category","embeddable":true,"href":"https:\/\/www.crfac.org.br\/site\/index.php?rest_route=%2Fwp%2Fv2%2Fcategories&post=28633"},{"taxonomy":"post_tag","embeddable":true,"href":"https:\/\/www.crfac.org.br\/site\/index.php?rest_route=%2Fwp%2Fv2%2Ftags&post=28633"}],"curies":[{"name":"wp","href":"https:\/\/api.w.org\/{rel}","templated":true}]}}