{"id":28625,"date":"2024-08-22T23:25:51","date_gmt":"2024-08-23T02:25:51","guid":{"rendered":"https:\/\/www.crfac.org.br\/?p=28625"},"modified":"2024-08-22T23:25:51","modified_gmt":"2024-08-23T02:25:51","slug":"conselho-regional-de-farmacia-convite-para-curso-de-servicos-farmaceuticos-em-cruzeiro-do-sul","status":"publish","type":"post","link":"https:\/\/www.crfac.org.br\/site\/?p=28625","title":{"rendered":"Conselho Regional de Farm\u00e1cia &#8211; Convite para Curso de Servi\u00e7os Farmac\u00eauticos em Cruzeiro do Sul"},"content":{"rendered":"<p style=\"text-align: justify;\">Conselho Regional de Farm\u00e1cia &#8211; Convite para Curso de Servi\u00e7os Farmac\u00eauticos em Cruzeiro do Sul<\/p>\n<p style=\"text-align: justify;\">\n\u00c9 com grande satisfa\u00e7\u00e3o que o Conselho Regional de Farm\u00e1cia convida todos os profissionais da \u00e1rea para participarem do Curso de Servi\u00e7os Farmac\u00eauticos, que ocorrer\u00e1 na cidade de Cruzeiro do Sul, nos dias 02, 03 e 04 de setembro.<\/p>\n<p style=\"text-align: justify;\">Este curso pretende aprimorar os conhecimentos e as compet\u00eancias dos farmac\u00eauticos, abordando temas essenciais para a pr\u00e1tica di\u00e1ria e a promo\u00e7\u00e3o da sa\u00fade. Ser\u00e3o oferecidas atividades te\u00f3ricas e pr\u00e1ticas, proporcionando um ambiente enriquecedor para o aprendizado e a troca de experi\u00eancias.<\/p>\n<p style=\"text-align: justify;\">As vagas s\u00e3o limitadas, por isso, n\u00e3o perca a oportunidade de se atualizar e se destacar em sua carreira. A participa\u00e7\u00e3o de todos \u00e9 fundamental para o fortalecimento da profiss\u00e3o e a melhoria dos servi\u00e7os prestados \u00e0 popula\u00e7\u00e3o.<\/p>\n<p style=\"text-align: justify;\">Curr\u00edculo dos Profissionais<\/p>\n<p style=\"text-align: justify;\"><strong>Caio Fernando Martins Ferreira<\/strong><br \/>\nFarmac\u00eautico Cl\u00ednico<br \/>\nProfessor de Cursos de Gradua\u00e7\u00e3o e P\u00f3s-Gradua\u00e7\u00e3o<br \/>\nMembro de Comiss\u00e3o Assessora do CRF\/RN<\/p>\n<p style=\"text-align: justify;\">Thisiane Oliveira<br \/>\nFarmac\u00eautica &#8211; Bioqu\u00edmica pela Universidade de Mar\u00edlia<br \/>\nEspecialista em Microbiologia Cl\u00ednica<br \/>\nEspecialista em Gest\u00e3o da Assist\u00eancia Farmac\u00eautica<br \/>\nChefe do Departamento Estadual de Assist\u00eancia Farmac\u00eautica<br \/>\nPresidente da Sociedade Brasileira de Farm\u00e1cia Hospitalar SBRAFH &#8211; Regional Acre<\/p>\n<p style=\"text-align: justify;\">Para realizar sua inscri\u00e7\u00e3o acesse o link abaixo:<\/p>\n<p style=\"text-align: justify;\">Inscreve-se <a href=\"https:\/\/www.even3.com.br\/curso-crfac04\/\">aqui\u00a0<\/a><\/p>\n<p style=\"text-align: justify;\">Contamos com a sua presen\u00e7a!<\/p>\n<div id=\"acfifjfajpekbmhmjppnmmjgmhjkildl\" class=\"acfifjfajpekbmhmjppnmmjgmhjkildl\" style=\"text-align: justify;\"><\/div>\n","protected":false},"excerpt":{"rendered":"<p>Conselho Regional de Farm\u00e1cia &#8211; Convite para Curso de Servi\u00e7os Farmac\u00eauticos em Cruzeiro do Sul \u00c9 com grande satisfa\u00e7\u00e3o que o Conselho Regional de Farm\u00e1cia convida todos os profissionais da \u00e1rea para participarem do Curso de Servi\u00e7os Farmac\u00eauticos, que ocorrer\u00e1 na cidade de Cruzeiro do Sul, nos dias 02, 03 e 04 de setembro. Este [&hellip;]<\/p>\n","protected":false},"author":1,"featured_media":28626,"comment_status":"closed","ping_status":"open","sticky":false,"template":"","format":"standard","meta":{"_acf_changed":false,"_joinchat":[],"footnotes":""},"categories":[2,7],"tags":[],"class_list":["post-28625","post","type-post","status-publish","format-standard","has-post-thumbnail","hentry","category-destaques","category-noticias"],"acf":[],"_links":{"self":[{"href":"https:\/\/www.crfac.org.br\/site\/index.php?rest_route=\/wp\/v2\/posts\/28625","targetHints":{"allow":["GET"]}}],"collection":[{"href":"https:\/\/www.crfac.org.br\/site\/index.php?rest_route=\/wp\/v2\/posts"}],"about":[{"href":"https:\/\/www.crfac.org.br\/site\/index.php?rest_route=\/wp\/v2\/types\/post"}],"author":[{"embeddable":true,"href":"https:\/\/www.crfac.org.br\/site\/index.php?rest_route=\/wp\/v2\/users\/1"}],"replies":[{"embeddable":true,"href":"https:\/\/www.crfac.org.br\/site\/index.php?rest_route=%2Fwp%2Fv2%2Fcomments&post=28625"}],"version-history":[{"count":1,"href":"https:\/\/www.crfac.org.br\/site\/index.php?rest_route=\/wp\/v2\/posts\/28625\/revisions"}],"predecessor-version":[{"id":28627,"href":"https:\/\/www.crfac.org.br\/site\/index.php?rest_route=\/wp\/v2\/posts\/28625\/revisions\/28627"}],"wp:featuredmedia":[{"embeddable":true,"href":"https:\/\/www.crfac.org.br\/site\/index.php?rest_route=\/wp\/v2\/media\/28626"}],"wp:attachment":[{"href":"https:\/\/www.crfac.org.br\/site\/index.php?rest_route=%2Fwp%2Fv2%2Fmedia&parent=28625"}],"wp:term":[{"taxonomy":"category","embeddable":true,"href":"https:\/\/www.crfac.org.br\/site\/index.php?rest_route=%2Fwp%2Fv2%2Fcategories&post=28625"},{"taxonomy":"post_tag","embeddable":true,"href":"https:\/\/www.crfac.org.br\/site\/index.php?rest_route=%2Fwp%2Fv2%2Ftags&post=28625"}],"curies":[{"name":"wp","href":"https:\/\/api.w.org\/{rel}","templated":true}]}}