{"id":28607,"date":"2024-06-30T17:34:51","date_gmt":"2024-06-30T20:34:51","guid":{"rendered":"https:\/\/www.crfac.org.br\/?p=28607"},"modified":"2024-06-30T17:34:51","modified_gmt":"2024-06-30T20:34:51","slug":"profissionais-do-acre-participam-de-curso-de-cuidado-farmaceutico","status":"publish","type":"post","link":"https:\/\/www.crfac.org.br\/site\/?p=28607","title":{"rendered":"Profissionais do Acre participam de curso de Cuidado Farmac\u00eautico"},"content":{"rendered":"<p style=\"text-align: justify;\"><span style=\"font-family: verdana, geneva, sans-serif;\"><img fetchpriority=\"high\" decoding=\"async\" class=\"size-site-padrao wp-image-28613 aligncenter\" src=\"http:\/\/www.crfac.org.br\/site\/wp-content\/uploads\/2024\/06\/WhatsApp-Image-2024-06-28-at-18.05.51-847x564.jpeg\" alt=\"\" width=\"847\" height=\"564\" srcset=\"https:\/\/www.crfac.org.br\/site\/wp-content\/uploads\/2024\/06\/WhatsApp-Image-2024-06-28-at-18.05.51-847x564.jpeg 847w, https:\/\/www.crfac.org.br\/site\/wp-content\/uploads\/2024\/06\/WhatsApp-Image-2024-06-28-at-18.05.51-768x512.jpeg 768w, https:\/\/www.crfac.org.br\/site\/wp-content\/uploads\/2024\/06\/WhatsApp-Image-2024-06-28-at-18.05.51-1536x1023.jpeg 1536w, https:\/\/www.crfac.org.br\/site\/wp-content\/uploads\/2024\/06\/WhatsApp-Image-2024-06-28-at-18.05.51-543x362.jpeg 543w, https:\/\/www.crfac.org.br\/site\/wp-content\/uploads\/2024\/06\/WhatsApp-Image-2024-06-28-at-18.05.51-336x224.jpeg 336w, https:\/\/www.crfac.org.br\/site\/wp-content\/uploads\/2024\/06\/WhatsApp-Image-2024-06-28-at-18.05.51.jpeg 1600w\" sizes=\"(max-width: 847px) 100vw, 847px\" \/><br \/>\nO Conselho Regional de Farm\u00e1cia do Acre (<strong>CRF\/AC<\/strong>) em parceria com o Conselho Federal de Farm\u00e1cia (<strong>CFF<\/strong>) realiza o segundo m\u00f3dulo do curso de Cuidado Farmac\u00eautico, com foco no diabete. A segunda fase da temporada de capacita\u00e7\u00f5es oferecida aos farmac\u00eauticos do Acre acontece durante os dias 28 (sexta) e 29 (s\u00e1bado) de junho.<\/span><\/p>\n<p style=\"text-align: justify;\"><span style=\"font-family: verdana, geneva, sans-serif;\"><br \/>\n&#8220;Seguimos com empenho no nosso projeto de trazer mais informa\u00e7\u00e3o aos profissionais farmac\u00eauticos do nosso Estado, para disseminar conhecimento e a pr\u00e1tica cl\u00ednica, como forma de empoderar e resgatar a imagem do farmac\u00eautico como profissional essencial \u00e0 sa\u00fade!&#8221;, refor\u00e7a <strong>Dr. Marcia Rafaele<\/strong>, presidente do Conselho Regional de Farm\u00e1cia do Acre.<\/span><\/p>\n<p style=\"text-align: justify;\"><span style=\"font-family: verdana, geneva, sans-serif;\"><img decoding=\"async\" class=\" wp-image-28610 aligncenter\" src=\"http:\/\/www.crfac.org.br\/site\/wp-content\/uploads\/2024\/06\/WhatsApp-Image-2024-06-28-at-18.05.51-1-847x1380.jpeg\" alt=\"\" width=\"577\" height=\"940\" srcset=\"https:\/\/www.crfac.org.br\/site\/wp-content\/uploads\/2024\/06\/WhatsApp-Image-2024-06-28-at-18.05.51-1-847x1380.jpeg 847w, https:\/\/www.crfac.org.br\/site\/wp-content\/uploads\/2024\/06\/WhatsApp-Image-2024-06-28-at-18.05.51-1-768x1251.jpeg 768w, https:\/\/www.crfac.org.br\/site\/wp-content\/uploads\/2024\/06\/WhatsApp-Image-2024-06-28-at-18.05.51-1-943x1536.jpeg 943w, https:\/\/www.crfac.org.br\/site\/wp-content\/uploads\/2024\/06\/WhatsApp-Image-2024-06-28-at-18.05.51-1-543x885.jpeg 543w, https:\/\/www.crfac.org.br\/site\/wp-content\/uploads\/2024\/06\/WhatsApp-Image-2024-06-28-at-18.05.51-1-336x547.jpeg 336w, https:\/\/www.crfac.org.br\/site\/wp-content\/uploads\/2024\/06\/WhatsApp-Image-2024-06-28-at-18.05.51-1.jpeg 960w\" sizes=\"(max-width: 577px) 100vw, 577px\" \/><br \/>\nEste segundo m\u00f3dulo visa fornecer os fundamentos para que os farmac\u00eauticos conhe\u00e7am e compreendam os processos referentes a diabete, aprimorando suas atua\u00e7\u00f5es profissionais e est\u00e1 sendo ministrado pela professora <strong>Dra. Fernanda Vilela<\/strong>, Mestre em Assist\u00eancia Farmac\u00eautica pela Universidade Federal do Paran\u00e1 (UFPR) e p\u00f3s-graduada em Resid\u00eancia Multiprofissional em Aten\u00e7\u00e3o Hospitalar, com \u00eanfase em Sa\u00fade do Adulto e do Idoso, pelo Hospital de Cl\u00ednicas da Universidade Federal do Paran\u00e1.<\/span><\/p>\n<p style=\"text-align: justify;\"><span style=\"font-family: verdana, geneva, sans-serif;\"><img decoding=\"async\" class=\" wp-image-28611 aligncenter\" src=\"http:\/\/www.crfac.org.br\/site\/wp-content\/uploads\/2024\/06\/WhatsApp-Image-2024-06-28-at-18.05.51-2-847x564.jpeg\" alt=\"\" width=\"841\" height=\"560\" srcset=\"https:\/\/www.crfac.org.br\/site\/wp-content\/uploads\/2024\/06\/WhatsApp-Image-2024-06-28-at-18.05.51-2-847x564.jpeg 847w, https:\/\/www.crfac.org.br\/site\/wp-content\/uploads\/2024\/06\/WhatsApp-Image-2024-06-28-at-18.05.51-2-768x512.jpeg 768w, https:\/\/www.crfac.org.br\/site\/wp-content\/uploads\/2024\/06\/WhatsApp-Image-2024-06-28-at-18.05.51-2-1536x1023.jpeg 1536w, https:\/\/www.crfac.org.br\/site\/wp-content\/uploads\/2024\/06\/WhatsApp-Image-2024-06-28-at-18.05.51-2-543x362.jpeg 543w, https:\/\/www.crfac.org.br\/site\/wp-content\/uploads\/2024\/06\/WhatsApp-Image-2024-06-28-at-18.05.51-2-336x224.jpeg 336w, https:\/\/www.crfac.org.br\/site\/wp-content\/uploads\/2024\/06\/WhatsApp-Image-2024-06-28-at-18.05.51-2.jpeg 1600w\" sizes=\"(max-width: 841px) 100vw, 841px\" \/><br \/>\n\u201cHoje estou aqui trazendo um pouco do tema diabete, focado no atendimento farmac\u00eautico, quero agradecer ao Conselho Federal de Farm\u00e1cia, por essa iniciativa, \u00e9 muito importante a gente discutir esse tema pelo n\u00famero grande de pacientes que a gente tem, e o quanto que o farmac\u00eautico pode agregar no cuidado desses pacientes\u201d, disse Fernanda Vilela.<\/span><\/p>\n<p style=\"text-align: justify;\"><span style=\"font-family: verdana, geneva, sans-serif;\"><img loading=\"lazy\" decoding=\"async\" class=\"size-site-padrao wp-image-28608 aligncenter\" src=\"http:\/\/www.crfac.org.br\/site\/wp-content\/uploads\/2024\/06\/WhatsApp-Image-2024-06-28-at-18.05.50-1-847x564.jpeg\" alt=\"\" width=\"847\" height=\"564\" srcset=\"https:\/\/www.crfac.org.br\/site\/wp-content\/uploads\/2024\/06\/WhatsApp-Image-2024-06-28-at-18.05.50-1-847x564.jpeg 847w, https:\/\/www.crfac.org.br\/site\/wp-content\/uploads\/2024\/06\/WhatsApp-Image-2024-06-28-at-18.05.50-1-768x512.jpeg 768w, https:\/\/www.crfac.org.br\/site\/wp-content\/uploads\/2024\/06\/WhatsApp-Image-2024-06-28-at-18.05.50-1-1536x1023.jpeg 1536w, https:\/\/www.crfac.org.br\/site\/wp-content\/uploads\/2024\/06\/WhatsApp-Image-2024-06-28-at-18.05.50-1-543x362.jpeg 543w, https:\/\/www.crfac.org.br\/site\/wp-content\/uploads\/2024\/06\/WhatsApp-Image-2024-06-28-at-18.05.50-1-336x224.jpeg 336w, https:\/\/www.crfac.org.br\/site\/wp-content\/uploads\/2024\/06\/WhatsApp-Image-2024-06-28-at-18.05.50-1.jpeg 1600w\" sizes=\"(max-width: 847px) 100vw, 847px\" \/><br \/>\nPara a farmac\u00eautica <strong>Dra. Jaciara Rodrigues<\/strong>, o curso \u00e9 uma oportunidade de esclarecer aos profissionais a import\u00e2ncia da atua\u00e7\u00e3o do farmac\u00eautico, quando o assunto \u00e9 diabete. &#8220;Gostaria de parabenizar o <strong>CFF<\/strong> e o <strong>CRF-AC<\/strong>, por estarem trazendo aqui para o Estado do Acre o curso de Cuidados Farmac\u00eauticos. Esse curso \u00e9 de extrema import\u00e2ncia para n\u00f3s farmac\u00eauticos porque n\u00f3s somos quem estamos no dia a dia lidando com o paciente, dando aquela primeira informa\u00e7\u00e3o, quando o paciente chega com a receita para comprar o medicamento, somos n\u00f3s que estamos ali para dar as orienta\u00e7\u00f5es necess\u00e1rias&#8221;. Explicou.<\/span><\/p>\n<p style=\"text-align: justify;\"><span style=\"font-family: verdana, geneva, sans-serif;\"><img loading=\"lazy\" decoding=\"async\" class=\" wp-image-28612 aligncenter\" src=\"http:\/\/www.crfac.org.br\/site\/wp-content\/uploads\/2024\/06\/WhatsApp-Image-2024-06-28-at-18.05.51-3-847x1411.jpeg\" alt=\"\" width=\"646\" height=\"1076\" srcset=\"https:\/\/www.crfac.org.br\/site\/wp-content\/uploads\/2024\/06\/WhatsApp-Image-2024-06-28-at-18.05.51-3-847x1411.jpeg 847w, https:\/\/www.crfac.org.br\/site\/wp-content\/uploads\/2024\/06\/WhatsApp-Image-2024-06-28-at-18.05.51-3-768x1279.jpeg 768w, https:\/\/www.crfac.org.br\/site\/wp-content\/uploads\/2024\/06\/WhatsApp-Image-2024-06-28-at-18.05.51-3-922x1536.jpeg 922w, https:\/\/www.crfac.org.br\/site\/wp-content\/uploads\/2024\/06\/WhatsApp-Image-2024-06-28-at-18.05.51-3-543x904.jpeg 543w, https:\/\/www.crfac.org.br\/site\/wp-content\/uploads\/2024\/06\/WhatsApp-Image-2024-06-28-at-18.05.51-3-336x560.jpeg 336w, https:\/\/www.crfac.org.br\/site\/wp-content\/uploads\/2024\/06\/WhatsApp-Image-2024-06-28-at-18.05.51-3.jpeg 960w\" sizes=\"(max-width: 646px) 100vw, 646px\" \/><br \/>\nO curso \u00e9 ofertado de forma presencial e no primeiro m\u00f3dulo trouxe o tema Introdu\u00e7\u00e3o \u00e0 Farm\u00e1cia Clinica, que foi ministrado pela renomada professora C\u00ednthia Rios e teve o objetivo de explorar como o cuidado farmac\u00eautico melhora os resultados terap\u00eauticos individuais e coletivos em sa\u00fade por meio de a\u00e7\u00f5es cl\u00ednicas do farmac\u00eautico integradas \u00e0 equipe multiprofissional.-AC<\/span><\/p>\n","protected":false},"excerpt":{"rendered":"<p>O Conselho Regional de Farm\u00e1cia do Acre (CRF\/AC) em parceria com o Conselho Federal de Farm\u00e1cia (CFF) realiza o segundo m\u00f3dulo do curso de Cuidado Farmac\u00eautico, com foco no diabete. A segunda fase da temporada de capacita\u00e7\u00f5es oferecida aos farmac\u00eauticos do Acre acontece durante os dias 28 (sexta) e 29 (s\u00e1bado) de junho. &#8220;Seguimos com [&hellip;]<\/p>\n","protected":false},"author":1,"featured_media":28613,"comment_status":"closed","ping_status":"open","sticky":false,"template":"","format":"standard","meta":{"_acf_changed":false,"_joinchat":[],"footnotes":""},"categories":[2],"tags":[],"class_list":["post-28607","post","type-post","status-publish","format-standard","has-post-thumbnail","hentry","category-destaques"],"acf":[],"_links":{"self":[{"href":"https:\/\/www.crfac.org.br\/site\/index.php?rest_route=\/wp\/v2\/posts\/28607","targetHints":{"allow":["GET"]}}],"collection":[{"href":"https:\/\/www.crfac.org.br\/site\/index.php?rest_route=\/wp\/v2\/posts"}],"about":[{"href":"https:\/\/www.crfac.org.br\/site\/index.php?rest_route=\/wp\/v2\/types\/post"}],"author":[{"embeddable":true,"href":"https:\/\/www.crfac.org.br\/site\/index.php?rest_route=\/wp\/v2\/users\/1"}],"replies":[{"embeddable":true,"href":"https:\/\/www.crfac.org.br\/site\/index.php?rest_route=%2Fwp%2Fv2%2Fcomments&post=28607"}],"version-history":[{"count":2,"href":"https:\/\/www.crfac.org.br\/site\/index.php?rest_route=\/wp\/v2\/posts\/28607\/revisions"}],"predecessor-version":[{"id":28615,"href":"https:\/\/www.crfac.org.br\/site\/index.php?rest_route=\/wp\/v2\/posts\/28607\/revisions\/28615"}],"wp:featuredmedia":[{"embeddable":true,"href":"https:\/\/www.crfac.org.br\/site\/index.php?rest_route=\/wp\/v2\/media\/28613"}],"wp:attachment":[{"href":"https:\/\/www.crfac.org.br\/site\/index.php?rest_route=%2Fwp%2Fv2%2Fmedia&parent=28607"}],"wp:term":[{"taxonomy":"category","embeddable":true,"href":"https:\/\/www.crfac.org.br\/site\/index.php?rest_route=%2Fwp%2Fv2%2Fcategories&post=28607"},{"taxonomy":"post_tag","embeddable":true,"href":"https:\/\/www.crfac.org.br\/site\/index.php?rest_route=%2Fwp%2Fv2%2Ftags&post=28607"}],"curies":[{"name":"wp","href":"https:\/\/api.w.org\/{rel}","templated":true}]}}