{"id":28598,"date":"2024-06-14T16:50:41","date_gmt":"2024-06-14T19:50:41","guid":{"rendered":"https:\/\/www.crfac.org.br\/?p=28598"},"modified":"2024-06-14T16:50:41","modified_gmt":"2024-06-14T19:50:41","slug":"audiencia-publica-no-acre-debate-o-acesso-a-medicamentos-em-defesa-da-vida","status":"publish","type":"post","link":"https:\/\/www.crfac.org.br\/site\/?p=28598","title":{"rendered":"Audi\u00eancia P\u00fablica, no Acre, debate o Acesso a Medicamentos em Defesa da Vida"},"content":{"rendered":"<p style=\"text-align: justify;\"><span style=\"font-family: helvetica, arial, sans-serif;\">O Conselho Regional de Farm\u00e1cia do Acre (CRF\/AC) e o Conselho Federal de Farm\u00e1cia participaram na manh\u00e3 desta sexta-feira (14) na Assembleia Legislativa do Acre (ALEAC) de uma Audi\u00eancia P\u00fablica para debater a \u201c<strong><em>Assist\u00eancia Farmac\u00eautica no SUS, Acesso a Medicamentos em Defesa da Vida<\/em><\/strong>\u201d.<\/span><\/p>\n<p style=\"text-align: justify;\"><span style=\"font-family: helvetica, arial, sans-serif;\">A presidente do CRF\/AC, <strong>Dra. M\u00e1rcia Rafaele<\/strong> destaca a import\u00e2ncia de debater o acesso a medicamentos a n\u00edvel estadual. \u201cEsse tema \u00e9 extremamente valoroso por que temos muitas necessidades a serem atendidas\u201d, disse,<\/span><br \/>\n<span style=\"font-family: helvetica, arial, sans-serif;\">O Projeto Integra \u00e9 uma iniciativa significativa, surgida em 2021 durante a pandemia, que visa integrar pol\u00edticas e pr\u00e1ticas da Vigil\u00e2ncia em Sa\u00fade, Assist\u00eancia Farmac\u00eautica, Ci\u00eancia, Tecnologia e Inova\u00e7\u00e3o em Sa\u00fade. \u00c9 uma iniciativa do Instituto Escola Nacional dos Farmac\u00eauticos (ENFar), da Fund<\/span><span style=\"font-family: helvetica, arial, sans-serif;\">a\u00e7\u00e3o Oswaldo Cruz (FIOCRUZ), do Conselho Nacional de Sa\u00fade (CNS), da Organiza\u00e7\u00e3o Pan-Americana de Sa\u00fade (OPAS) e da Federa\u00e7\u00e3o Nacional dos Farmac\u00eauticos (FENAFAR), visando promover a\u00e7\u00f5es para difundir conhecimento, engajar a sociedade e influenciar Pol\u00edticas P\u00fablicas em prol da sa\u00fade.<\/span><\/p>\n<p style=\"text-align: justify;\"><img fetchpriority=\"high\" decoding=\"async\" class=\"alignnone  wp-image-28600\" src=\"http:\/\/www.crfac.org.br\/site\/wp-content\/uploads\/2024\/06\/WhatsApp-Image-2024-06-14-at-13.25.07-1.jpeg\" alt=\"\" width=\"969\" height=\"646\" srcset=\"https:\/\/www.crfac.org.br\/site\/wp-content\/uploads\/2024\/06\/WhatsApp-Image-2024-06-14-at-13.25.07-1.jpeg 1600w, https:\/\/www.crfac.org.br\/site\/wp-content\/uploads\/2024\/06\/WhatsApp-Image-2024-06-14-at-13.25.07-1-768x512.jpeg 768w, https:\/\/www.crfac.org.br\/site\/wp-content\/uploads\/2024\/06\/WhatsApp-Image-2024-06-14-at-13.25.07-1-1536x1023.jpeg 1536w, https:\/\/www.crfac.org.br\/site\/wp-content\/uploads\/2024\/06\/WhatsApp-Image-2024-06-14-at-13.25.07-1-847x564.jpeg 847w, https:\/\/www.crfac.org.br\/site\/wp-content\/uploads\/2024\/06\/WhatsApp-Image-2024-06-14-at-13.25.07-1-543x362.jpeg 543w, https:\/\/www.crfac.org.br\/site\/wp-content\/uploads\/2024\/06\/WhatsApp-Image-2024-06-14-at-13.25.07-1-336x224.jpeg 336w\" sizes=\"(max-width: 969px) 100vw, 969px\" \/><\/p>\n<p style=\"text-align: justify;\">\n<span style=\"font-family: helvetica, arial, sans-serif;\">A conselheira federal do Acre, e presidente do sindicato dos Farmac\u00eauticos, <strong>Dra. Isabela Sobrinho<\/strong>, n\u00e3o mediu esfor\u00e7os para que a audi\u00eancia acontecesse. \u201cO Acre tem suas particularidades, cad\u00ea os incentivos fiscais do nosso governo, precisamos baixar impostos, trazer multinacionais, se n\u00f3s tivermos cons\u00f3rcios com as multinacionais que fabricassem tivessem seus polos aqui, n\u00f3s ter\u00edamos muito mais medicamentos dispon\u00edveis para a regi\u00e3o norte, como o Amazonas est\u00e1 investindo em algumas empresas multinacionais. Quando se juntam grandes munic\u00edpios com pequenos, os pequenos v\u00e3o ser beneficiados. Ent\u00e3o, se n\u00f3s temos um cobertor curto h\u00e1 mais de 20 anos, 30 anos, e que isso est\u00e1 sendo dif\u00edcil de reverter, n\u00f3s temos a obriga\u00e7\u00e3o de procurar estrat\u00e9gias e \u00e9 o que estamos fazendo aqui\u201d, defendeu.<\/span><\/p>\n<p style=\"text-align: justify;\"><img decoding=\"async\" class=\"alignnone  wp-image-28602\" src=\"http:\/\/www.crfac.org.br\/site\/wp-content\/uploads\/2024\/06\/WhatsApp-Image-2024-06-14-at-13.25.07-847x564.jpeg\" alt=\"\" width=\"972\" height=\"647\" srcset=\"https:\/\/www.crfac.org.br\/site\/wp-content\/uploads\/2024\/06\/WhatsApp-Image-2024-06-14-at-13.25.07-847x564.jpeg 847w, https:\/\/www.crfac.org.br\/site\/wp-content\/uploads\/2024\/06\/WhatsApp-Image-2024-06-14-at-13.25.07-768x512.jpeg 768w, https:\/\/www.crfac.org.br\/site\/wp-content\/uploads\/2024\/06\/WhatsApp-Image-2024-06-14-at-13.25.07-1536x1023.jpeg 1536w, https:\/\/www.crfac.org.br\/site\/wp-content\/uploads\/2024\/06\/WhatsApp-Image-2024-06-14-at-13.25.07-543x362.jpeg 543w, https:\/\/www.crfac.org.br\/site\/wp-content\/uploads\/2024\/06\/WhatsApp-Image-2024-06-14-at-13.25.07-336x224.jpeg 336w, https:\/\/www.crfac.org.br\/site\/wp-content\/uploads\/2024\/06\/WhatsApp-Image-2024-06-14-at-13.25.07.jpeg 1600w\" sizes=\"(max-width: 972px) 100vw, 972px\" \/><br \/>\n<span style=\"font-family: helvetica, arial, sans-serif;\">Essa \u00e9 a d\u00e9cima audi\u00eancia para debater o tema, em janeiro at\u00e9 agora a discuss\u00e3o chegou em Rond\u00f4nia, Minas Gerais, Alagoas e agora no Acre. Em 2023 foram realizadas audi\u00eancias nos estados do Rio Grande do Sul, Goi\u00e1s, Bahia, Amazonas, S\u00e3o Paulo e no Pernambuco. A previs\u00e3o \u00e9 de que ainda este ano aconte\u00e7am audi\u00eancias no Rio de Janeiro e em Santa Catarina.<\/span><\/p>\n<p style=\"text-align: justify;\">\n<span style=\"font-family: helvetica, arial, sans-serif;\">Durante sua fala da coordenadora de projetos do instituto escola nacional dos farmac\u00eauticos e coordenadora do projeto Integra, <strong>Fernanda Manzini<\/strong> apresentou dados de todo Brasil, destacando que a amplia\u00e7\u00e3o do acesso aos medicamentos para tratamento da hipertens\u00e3o e da diabete resultou em redu\u00e7\u00e3o expressiva e estatisticamente significativa do quantitativo de interna\u00e7\u00f5es hospitalares e \u00f3bitos por essas doen\u00e7as, era uma taxa m\u00e9dia de 27,6% e 8,0% ao ano, respectivamente.<\/span><\/p>\n<p><img decoding=\"async\" class=\"alignnone  wp-image-28601\" src=\"http:\/\/www.crfac.org.br\/site\/wp-content\/uploads\/2024\/06\/WhatsApp-Image-2024-06-14-at-13.25.07-2-847x564.jpeg\" alt=\"\" width=\"973\" height=\"648\" srcset=\"https:\/\/www.crfac.org.br\/site\/wp-content\/uploads\/2024\/06\/WhatsApp-Image-2024-06-14-at-13.25.07-2-847x564.jpeg 847w, https:\/\/www.crfac.org.br\/site\/wp-content\/uploads\/2024\/06\/WhatsApp-Image-2024-06-14-at-13.25.07-2-768x512.jpeg 768w, https:\/\/www.crfac.org.br\/site\/wp-content\/uploads\/2024\/06\/WhatsApp-Image-2024-06-14-at-13.25.07-2-1536x1023.jpeg 1536w, https:\/\/www.crfac.org.br\/site\/wp-content\/uploads\/2024\/06\/WhatsApp-Image-2024-06-14-at-13.25.07-2-543x362.jpeg 543w, https:\/\/www.crfac.org.br\/site\/wp-content\/uploads\/2024\/06\/WhatsApp-Image-2024-06-14-at-13.25.07-2-336x224.jpeg 336w, https:\/\/www.crfac.org.br\/site\/wp-content\/uploads\/2024\/06\/WhatsApp-Image-2024-06-14-at-13.25.07-2.jpeg 1600w\" sizes=\"(max-width: 973px) 100vw, 973px\" \/><\/p>\n<p style=\"text-align: justify;\"><span style=\"font-family: helvetica, arial, sans-serif;\">\u201cEnt\u00e3o vejam, a gente tem uma pol\u00edtica enorme que impacta a vida das pessoas, mas a gente tem desafios di\u00e1rios para colocar a ideia dessa audi\u00eancia p\u00fablica, ent\u00e3o o projeto IPEG est\u00e1 planejando o pa\u00eds todo, justamente para a gente juntar as pessoas influentes e respons\u00e1veis dos territ\u00f3rios, para que a gente possa fazer, ent\u00e3o, uma grande corrente para encarar esses desafios e fortalecer as nossas pol\u00edticas p\u00fablicas, e fortalecer o sistema p\u00fablico e sa\u00fade. \u00c9 isso que estamos aqui hoje\u201d, destacou.<\/span><\/p>\n<p style=\"text-align: justify;\">\n<span style=\"font-family: helvetica, arial, sans-serif;\">Este ano, o Projeto Integra est\u00e1 ampliando ainda mais o alcance desses eventos, para abranger um n\u00famero maior de regi\u00f5es e estimular a participa\u00e7\u00e3o cidad\u00e3 nos debates de temas ligados \u00e0 Sa\u00fade P\u00fablica. Na etapa atual, as Audi\u00eancias P\u00fablicas, nas Assembleias Legislativas Estaduais, t\u00eam o objetivo de debater, com o parlamento e a sociedade, as estrat\u00e9gias para o futuro da Sa\u00fade P\u00fablica. O evento, do Projeto Integra, foi proposto pelo <strong>Deputado Estadual, Adailton Cruz<\/strong> (PSB\/AC). \u201c\u00c9 um tema de muito importante a ser debatido, o acesso a medicamentos em defesa das nossas vidas, a gente sabe muito bem que n\u00e3o adianta de nada ser atendimento, ter prescri\u00e7\u00e3o e n\u00e3o ter medicamento, e se tiver e n\u00e3o souber usar, n\u00e3o teremos o problema resolvido. Ent\u00e3o, n\u00f3s precisamos muito de investimentos, de aten\u00e7\u00e3o, de qualifica\u00e7\u00e3o, de apoio e tamb\u00e9m valorizar os profissionais farmac\u00eauticos do nosso Estado\u201d, defendeu<\/span><\/p>\n<p><img loading=\"lazy\" decoding=\"async\" class=\"alignnone  wp-image-28603\" src=\"http:\/\/www.crfac.org.br\/site\/wp-content\/uploads\/2024\/06\/WhatsApp-Image-2024-06-14-at-13.25.08-847x564.jpeg\" alt=\"\" width=\"978\" height=\"651\" srcset=\"https:\/\/www.crfac.org.br\/site\/wp-content\/uploads\/2024\/06\/WhatsApp-Image-2024-06-14-at-13.25.08-847x564.jpeg 847w, https:\/\/www.crfac.org.br\/site\/wp-content\/uploads\/2024\/06\/WhatsApp-Image-2024-06-14-at-13.25.08-768x512.jpeg 768w, https:\/\/www.crfac.org.br\/site\/wp-content\/uploads\/2024\/06\/WhatsApp-Image-2024-06-14-at-13.25.08-1536x1023.jpeg 1536w, https:\/\/www.crfac.org.br\/site\/wp-content\/uploads\/2024\/06\/WhatsApp-Image-2024-06-14-at-13.25.08-543x362.jpeg 543w, https:\/\/www.crfac.org.br\/site\/wp-content\/uploads\/2024\/06\/WhatsApp-Image-2024-06-14-at-13.25.08-336x224.jpeg 336w, https:\/\/www.crfac.org.br\/site\/wp-content\/uploads\/2024\/06\/WhatsApp-Image-2024-06-14-at-13.25.08.jpeg 1600w\" sizes=\"(max-width: 978px) 100vw, 978px\" \/><\/p>\n","protected":false},"excerpt":{"rendered":"<p>O Conselho Regional de Farm\u00e1cia do Acre (CRF\/AC) e o Conselho Federal de Farm\u00e1cia participaram na manh\u00e3 desta sexta-feira (14) na Assembleia Legislativa do Acre (ALEAC) de uma Audi\u00eancia P\u00fablica para debater a \u201cAssist\u00eancia Farmac\u00eautica no SUS, Acesso a Medicamentos em Defesa da Vida\u201d. A presidente do CRF\/AC, Dra. M\u00e1rcia Rafaele destaca a import\u00e2ncia de [&hellip;]<\/p>\n","protected":false},"author":1,"featured_media":28599,"comment_status":"closed","ping_status":"open","sticky":false,"template":"","format":"standard","meta":{"_acf_changed":false,"_joinchat":[],"footnotes":""},"categories":[2,7],"tags":[],"class_list":["post-28598","post","type-post","status-publish","format-standard","has-post-thumbnail","hentry","category-destaques","category-noticias"],"acf":[],"_links":{"self":[{"href":"https:\/\/www.crfac.org.br\/site\/index.php?rest_route=\/wp\/v2\/posts\/28598","targetHints":{"allow":["GET"]}}],"collection":[{"href":"https:\/\/www.crfac.org.br\/site\/index.php?rest_route=\/wp\/v2\/posts"}],"about":[{"href":"https:\/\/www.crfac.org.br\/site\/index.php?rest_route=\/wp\/v2\/types\/post"}],"author":[{"embeddable":true,"href":"https:\/\/www.crfac.org.br\/site\/index.php?rest_route=\/wp\/v2\/users\/1"}],"replies":[{"embeddable":true,"href":"https:\/\/www.crfac.org.br\/site\/index.php?rest_route=%2Fwp%2Fv2%2Fcomments&post=28598"}],"version-history":[{"count":2,"href":"https:\/\/www.crfac.org.br\/site\/index.php?rest_route=\/wp\/v2\/posts\/28598\/revisions"}],"predecessor-version":[{"id":28605,"href":"https:\/\/www.crfac.org.br\/site\/index.php?rest_route=\/wp\/v2\/posts\/28598\/revisions\/28605"}],"wp:featuredmedia":[{"embeddable":true,"href":"https:\/\/www.crfac.org.br\/site\/index.php?rest_route=\/wp\/v2\/media\/28599"}],"wp:attachment":[{"href":"https:\/\/www.crfac.org.br\/site\/index.php?rest_route=%2Fwp%2Fv2%2Fmedia&parent=28598"}],"wp:term":[{"taxonomy":"category","embeddable":true,"href":"https:\/\/www.crfac.org.br\/site\/index.php?rest_route=%2Fwp%2Fv2%2Fcategories&post=28598"},{"taxonomy":"post_tag","embeddable":true,"href":"https:\/\/www.crfac.org.br\/site\/index.php?rest_route=%2Fwp%2Fv2%2Ftags&post=28598"}],"curies":[{"name":"wp","href":"https:\/\/api.w.org\/{rel}","templated":true}]}}