{"id":28592,"date":"2024-05-09T21:20:55","date_gmt":"2024-05-10T00:20:55","guid":{"rendered":"https:\/\/www.crfac.org.br\/?p=28592"},"modified":"2024-05-10T20:30:25","modified_gmt":"2024-05-10T23:30:25","slug":"conselho-regional-de-farmacia-do-acre-realiza-concurso-com-mais-de-100-vagas","status":"publish","type":"post","link":"https:\/\/www.crfac.org.br\/site\/?p=28592","title":{"rendered":"Conselho Regional de Farm\u00e1cia do Acre realiza concurso com mais de 100 vagas"},"content":{"rendered":"<p dir=\"ltr\" style=\"text-align: justify;\">O Conselho Regional de Farm\u00e1cia do Acre (CRF\/AC) est\u00e1 com edital aberto para o concurso com contrata\u00e7\u00e3o imediata e mais 109 para o cadastro de reserva. As vagas s\u00e3o para os n\u00edveis m\u00e9dio e superior, com sal\u00e1rios entre R$ 1.874,00 \u00e0 R$ 3.785,00.<br \/>\nAs inscri\u00e7\u00f5es podem ser feitas de 02 de maio a dia 10 de junho de 2024, no site do Instituto Quadrix atrav\u00e9s do link: https:\/\/www.quadrix.org.br\/todos-os-concursos\/inscricoes-abertas\/crfac_2024.aspx. A data limite para o pagamento da inscri\u00e7\u00e3o ser\u00e1 at\u00e9 12 de junho de 2024.<br \/>\nOs valores das inscri\u00e7\u00f5es s\u00e3o R$ 70,00 para cargo de n\u00edvel m\u00e9dio e R$ 75,00 para cargo de n\u00edvel superior. A aplica\u00e7\u00e3o das provas objetivas e discursivas ser\u00e1 feita em 21 de julho de 2024, em Rio Branco, no per\u00edodo da tarde.<br \/>\nAs oportunidades s\u00e3o para Auxiliar administrativo (N\u00edvel M\u00e9dio), Advogado (N\u00edvel Superior), Contador (N\u00edvel Superior), Farmac\u00eautico(a) Fiscal (N\u00edvel Superior). A prova objetiva ser\u00e1 composta por 50 quest\u00f5es objetivas de m\u00faltipla escolha contendo 05 (cinco) alternativas (do tipo A, B, C, D e E) cada, das quais apenas uma \u00e9 correta.<br \/>\nA prova discursiva, de car\u00e1ter eliminat\u00f3rio e classificat\u00f3rio, valer\u00e1 10,00 pontos e consistir\u00e1 na elabora\u00e7\u00e3o de texto dissertativo, com extens\u00e3o m\u00ednima de 20 linhas e m\u00e1xima de 30 linhas, a respeito de tema relacionado aos conhecimentos b\u00e1sicos (Atualidades) para o cargo de n\u00edvel m\u00e9dio e a respeito de tema relacionado aos conhecimentos espec\u00edficos para os cargos de n\u00edvel superior.<\/p>\n","protected":false},"excerpt":{"rendered":"<p>O Conselho Regional de Farm\u00e1cia do Acre (CRF\/AC) est\u00e1 com edital aberto para o concurso com contrata\u00e7\u00e3o imediata e mais 109 para o cadastro de reserva. As vagas s\u00e3o para os n\u00edveis m\u00e9dio e superior, com sal\u00e1rios entre R$ 1.874,00 \u00e0 R$ 3.785,00. As inscri\u00e7\u00f5es podem ser feitas de 02 de maio a dia 10 [&hellip;]<\/p>\n","protected":false},"author":1,"featured_media":28594,"comment_status":"closed","ping_status":"open","sticky":false,"template":"","format":"standard","meta":{"_acf_changed":false,"_joinchat":[],"footnotes":""},"categories":[2,7],"tags":[],"class_list":["post-28592","post","type-post","status-publish","format-standard","has-post-thumbnail","hentry","category-destaques","category-noticias"],"acf":[],"_links":{"self":[{"href":"https:\/\/www.crfac.org.br\/site\/index.php?rest_route=\/wp\/v2\/posts\/28592","targetHints":{"allow":["GET"]}}],"collection":[{"href":"https:\/\/www.crfac.org.br\/site\/index.php?rest_route=\/wp\/v2\/posts"}],"about":[{"href":"https:\/\/www.crfac.org.br\/site\/index.php?rest_route=\/wp\/v2\/types\/post"}],"author":[{"embeddable":true,"href":"https:\/\/www.crfac.org.br\/site\/index.php?rest_route=\/wp\/v2\/users\/1"}],"replies":[{"embeddable":true,"href":"https:\/\/www.crfac.org.br\/site\/index.php?rest_route=%2Fwp%2Fv2%2Fcomments&post=28592"}],"version-history":[{"count":3,"href":"https:\/\/www.crfac.org.br\/site\/index.php?rest_route=\/wp\/v2\/posts\/28592\/revisions"}],"predecessor-version":[{"id":28596,"href":"https:\/\/www.crfac.org.br\/site\/index.php?rest_route=\/wp\/v2\/posts\/28592\/revisions\/28596"}],"wp:featuredmedia":[{"embeddable":true,"href":"https:\/\/www.crfac.org.br\/site\/index.php?rest_route=\/wp\/v2\/media\/28594"}],"wp:attachment":[{"href":"https:\/\/www.crfac.org.br\/site\/index.php?rest_route=%2Fwp%2Fv2%2Fmedia&parent=28592"}],"wp:term":[{"taxonomy":"category","embeddable":true,"href":"https:\/\/www.crfac.org.br\/site\/index.php?rest_route=%2Fwp%2Fv2%2Fcategories&post=28592"},{"taxonomy":"post_tag","embeddable":true,"href":"https:\/\/www.crfac.org.br\/site\/index.php?rest_route=%2Fwp%2Fv2%2Ftags&post=28592"}],"curies":[{"name":"wp","href":"https:\/\/api.w.org\/{rel}","templated":true}]}}