{"id":28590,"date":"2024-05-09T21:19:50","date_gmt":"2024-05-10T00:19:50","guid":{"rendered":"https:\/\/www.crfac.org.br\/?p=28590"},"modified":"2024-05-09T21:19:50","modified_gmt":"2024-05-10T00:19:50","slug":"lancamento-da-campanha-dos-conselhos-federal-e-regionais-de-farmacia-pelo-dia-nacional-do-uso-racional-de-medicamentos","status":"publish","type":"post","link":"https:\/\/www.crfac.org.br\/site\/?p=28590","title":{"rendered":"Lan\u00e7amento da campanha dos Conselhos Federal e Regionais de Farm\u00e1cia pelo Dia Nacional do Uso Racional de Medicamentos"},"content":{"rendered":"<p>O ponto tur\u00edstico mais importante do Acre, bem no centro da capital, o Pal\u00e1cio Rio Branco foi iluminado de azul na noite de sexta-feira, 3 de maio no lan\u00e7amento da campanha dos Conselhos Federal e Regionais de Farm\u00e1cia pelo Dia Nacional do Uso Racional de Medicamentos, comemorado dia 5 de maio. Durante este m\u00eas, pontos tur\u00edsticos espalhados pelo pa\u00eds tamb\u00e9m receber\u00e3o a ilumina\u00e7\u00e3o especial. O Conselho Regional de Farm\u00e1cia do Acre (CRF\/AC) destaca que o objetivo da campanha \u00e9 alertar para uma epidemia silenciosa que mata cerca de 5 milh\u00f5es de pessoas no mundo anualmente: a resist\u00eancia aos antimicrobianos.<\/p>\n","protected":false},"excerpt":{"rendered":"<p>O ponto tur\u00edstico mais importante do Acre, bem no centro da capital, o Pal\u00e1cio Rio Branco foi iluminado de azul na noite de sexta-feira, 3 de maio no lan\u00e7amento da campanha dos Conselhos Federal e Regionais de Farm\u00e1cia pelo Dia Nacional do Uso Racional de Medicamentos, comemorado dia 5 de maio. Durante este m\u00eas, pontos [&hellip;]<\/p>\n","protected":false},"author":1,"featured_media":28587,"comment_status":"closed","ping_status":"open","sticky":false,"template":"","format":"standard","meta":{"_acf_changed":false,"_joinchat":[],"footnotes":""},"categories":[2,7],"tags":[],"class_list":["post-28590","post","type-post","status-publish","format-standard","has-post-thumbnail","hentry","category-destaques","category-noticias"],"acf":[],"_links":{"self":[{"href":"https:\/\/www.crfac.org.br\/site\/index.php?rest_route=\/wp\/v2\/posts\/28590","targetHints":{"allow":["GET"]}}],"collection":[{"href":"https:\/\/www.crfac.org.br\/site\/index.php?rest_route=\/wp\/v2\/posts"}],"about":[{"href":"https:\/\/www.crfac.org.br\/site\/index.php?rest_route=\/wp\/v2\/types\/post"}],"author":[{"embeddable":true,"href":"https:\/\/www.crfac.org.br\/site\/index.php?rest_route=\/wp\/v2\/users\/1"}],"replies":[{"embeddable":true,"href":"https:\/\/www.crfac.org.br\/site\/index.php?rest_route=%2Fwp%2Fv2%2Fcomments&post=28590"}],"version-history":[{"count":1,"href":"https:\/\/www.crfac.org.br\/site\/index.php?rest_route=\/wp\/v2\/posts\/28590\/revisions"}],"predecessor-version":[{"id":28591,"href":"https:\/\/www.crfac.org.br\/site\/index.php?rest_route=\/wp\/v2\/posts\/28590\/revisions\/28591"}],"wp:featuredmedia":[{"embeddable":true,"href":"https:\/\/www.crfac.org.br\/site\/index.php?rest_route=\/wp\/v2\/media\/28587"}],"wp:attachment":[{"href":"https:\/\/www.crfac.org.br\/site\/index.php?rest_route=%2Fwp%2Fv2%2Fmedia&parent=28590"}],"wp:term":[{"taxonomy":"category","embeddable":true,"href":"https:\/\/www.crfac.org.br\/site\/index.php?rest_route=%2Fwp%2Fv2%2Fcategories&post=28590"},{"taxonomy":"post_tag","embeddable":true,"href":"https:\/\/www.crfac.org.br\/site\/index.php?rest_route=%2Fwp%2Fv2%2Ftags&post=28590"}],"curies":[{"name":"wp","href":"https:\/\/api.w.org\/{rel}","templated":true}]}}