{"id":28527,"date":"2023-07-21T11:39:36","date_gmt":"2023-07-21T14:39:36","guid":{"rendered":"http:\/\/www.crfac.org.br\/?p=28527"},"modified":"2023-07-21T11:39:36","modified_gmt":"2023-07-21T14:39:36","slug":"mesa-redonda-com-os-fiscais-da-vigilancia-sanitaria-de-rio-branco","status":"publish","type":"post","link":"https:\/\/www.crfac.org.br\/site\/?p=28527","title":{"rendered":"Mesa redonda com os fiscais da vigilancia sanitaria de Rio Branco"},"content":{"rendered":"<p>&nbsp;<\/p>\n<p>Ocorreu na tarde desta quinta-feira, a reuni\u00e3o entre representantes da Vigil\u00e2ncia Sanit\u00e1ria, Conselhos de Farm\u00e1cia, Medicina Veterin\u00e1ria, Odontologia, Medicina e farmac\u00eauticos para debater pontos importantes da portaria 344 de 1998 no ato de prescrever ou dispensar os medicamentos.<\/p>\n<p>A Reuni\u00e3o foi realizada a pedido do Conselho Regional de Farm\u00e1cia para esclarecer d\u00favidas sobre esse tema. Importante tratativas foram realizadas ap\u00f3s o encontro, para melhorar e resolver problemas de prescri\u00e7\u00e3o e dispensa\u00e7\u00e3o de medicamentos.<\/p>\n<p>Os encaminhamentos foram:<\/p>\n<p>A vigil\u00e2ncia sanit\u00e1ria (VISA) de Rio Branco vai fazer tratativas em parceria com os conselhos de profissionais prescritores, para que esses conselhos fa\u00e7am uma campanha forte para que as prescri\u00e7\u00f5es atendam a legisla\u00e7\u00e3o, entre elas, a portaria 344 de 1998.<\/p>\n<p>A Vigil\u00e2ncia Sanit\u00e1ria de Rio Branco vai preparar uma palestra orientativa direcionada aos prescritores de medicamentos.<\/p>\n<p>A Vigil\u00e2ncia Sanit\u00e1ria de Rio Branco vai disponibilizar modelos de prescri\u00e7\u00f5es de medicamentos.<\/p>\n","protected":false},"excerpt":{"rendered":"<p>&nbsp; Ocorreu na tarde desta quinta-feira, a reuni\u00e3o entre representantes da Vigil\u00e2ncia Sanit\u00e1ria, Conselhos de Farm\u00e1cia, Medicina Veterin\u00e1ria, Odontologia, Medicina e farmac\u00eauticos para debater pontos importantes da portaria 344 de 1998 no ato de prescrever ou dispensar os medicamentos. A Reuni\u00e3o foi realizada a pedido do Conselho Regional de Farm\u00e1cia para esclarecer d\u00favidas sobre esse [&hellip;]<\/p>\n","protected":false},"author":1,"featured_media":28528,"comment_status":"closed","ping_status":"open","sticky":false,"template":"","format":"standard","meta":{"_acf_changed":false,"_joinchat":[],"footnotes":""},"categories":[2],"tags":[],"class_list":["post-28527","post","type-post","status-publish","format-standard","has-post-thumbnail","hentry","category-destaques"],"acf":[],"_links":{"self":[{"href":"https:\/\/www.crfac.org.br\/site\/index.php?rest_route=\/wp\/v2\/posts\/28527","targetHints":{"allow":["GET"]}}],"collection":[{"href":"https:\/\/www.crfac.org.br\/site\/index.php?rest_route=\/wp\/v2\/posts"}],"about":[{"href":"https:\/\/www.crfac.org.br\/site\/index.php?rest_route=\/wp\/v2\/types\/post"}],"author":[{"embeddable":true,"href":"https:\/\/www.crfac.org.br\/site\/index.php?rest_route=\/wp\/v2\/users\/1"}],"replies":[{"embeddable":true,"href":"https:\/\/www.crfac.org.br\/site\/index.php?rest_route=%2Fwp%2Fv2%2Fcomments&post=28527"}],"version-history":[{"count":2,"href":"https:\/\/www.crfac.org.br\/site\/index.php?rest_route=\/wp\/v2\/posts\/28527\/revisions"}],"predecessor-version":[{"id":28530,"href":"https:\/\/www.crfac.org.br\/site\/index.php?rest_route=\/wp\/v2\/posts\/28527\/revisions\/28530"}],"wp:featuredmedia":[{"embeddable":true,"href":"https:\/\/www.crfac.org.br\/site\/index.php?rest_route=\/wp\/v2\/media\/28528"}],"wp:attachment":[{"href":"https:\/\/www.crfac.org.br\/site\/index.php?rest_route=%2Fwp%2Fv2%2Fmedia&parent=28527"}],"wp:term":[{"taxonomy":"category","embeddable":true,"href":"https:\/\/www.crfac.org.br\/site\/index.php?rest_route=%2Fwp%2Fv2%2Fcategories&post=28527"},{"taxonomy":"post_tag","embeddable":true,"href":"https:\/\/www.crfac.org.br\/site\/index.php?rest_route=%2Fwp%2Fv2%2Ftags&post=28527"}],"curies":[{"name":"wp","href":"https:\/\/api.w.org\/{rel}","templated":true}]}}