{"id":28523,"date":"2023-07-13T19:10:57","date_gmt":"2023-07-13T22:10:57","guid":{"rendered":"http:\/\/www.crfac.org.br\/?p=28523"},"modified":"2023-07-13T19:10:57","modified_gmt":"2023-07-13T22:10:57","slug":"mesa-redonda-com-o-fiscal-da-vigilancia-sanitaria-de-rio-branco","status":"publish","type":"post","link":"https:\/\/www.crfac.org.br\/site\/?p=28523","title":{"rendered":"Mesa redonda com o fiscal da vigilancia sanitaria de Rio Branco"},"content":{"rendered":"<p>Participe \u203c\ufe0f<\/p>\n<p>Vem a\u00ed<br \/>\n\u27a1\ufe0f Mesa redonda com o fiscal da vigilancia sanitaria de Rio Branco<\/p>\n<p>Pauta: Dialogar sobre os pontos que devem ser observados na portaria 344 de 1998 quando for prescrever ou dispensar os medicamentos.<\/p>\n<p>Reuniao aberta para farmaceuticos, acad\u00eamicos de farmacia, prescritores de medicamentos e acad\u00eamicos de profiss\u00f5es que prescrevem medicamentos da portaria 344 de 1998.<\/p>\n<p>\ufe0f 20\/07\/2023<br \/>\n\u23f0 14h<br \/>\n Vigil\u00e2ncia Sanit\u00e1ria Municipal<br \/>\n(Rua Coronel Jos\u00e9 Galdino, 699, Bosque)<\/p>\n<p>N\u00e3o deixe de participar! <\/p>\n<p>Inscri\u00e7\u00f5es gratuitas no link abaixo<br \/>\n<a href=\"https:\/\/docs.google.com\/forms\/d\/e\/1FAIpQLSfDq7G1sIULjyvQNVPa0xH_geCIJxOrE8ay4-Wkcd75OHrUDA\/viewform?usp=sf_link\">Clique aqui<\/a><\/p>\n","protected":false},"excerpt":{"rendered":"<p>Participe \u203c\ufe0f Vem a\u00ed \u27a1\ufe0f Mesa redonda com o fiscal da vigilancia sanitaria de Rio Branco Pauta: Dialogar sobre os pontos que devem ser observados na portaria 344 de 1998 quando for prescrever ou dispensar os medicamentos. Reuniao aberta para farmaceuticos, acad\u00eamicos de farmacia, prescritores de medicamentos e acad\u00eamicos de profiss\u00f5es que prescrevem medicamentos da [&hellip;]<\/p>\n","protected":false},"author":1,"featured_media":28524,"comment_status":"closed","ping_status":"open","sticky":false,"template":"","format":"standard","meta":{"_acf_changed":false,"_joinchat":[],"footnotes":""},"categories":[2],"tags":[],"class_list":["post-28523","post","type-post","status-publish","format-standard","has-post-thumbnail","hentry","category-destaques"],"acf":[],"_links":{"self":[{"href":"https:\/\/www.crfac.org.br\/site\/index.php?rest_route=\/wp\/v2\/posts\/28523","targetHints":{"allow":["GET"]}}],"collection":[{"href":"https:\/\/www.crfac.org.br\/site\/index.php?rest_route=\/wp\/v2\/posts"}],"about":[{"href":"https:\/\/www.crfac.org.br\/site\/index.php?rest_route=\/wp\/v2\/types\/post"}],"author":[{"embeddable":true,"href":"https:\/\/www.crfac.org.br\/site\/index.php?rest_route=\/wp\/v2\/users\/1"}],"replies":[{"embeddable":true,"href":"https:\/\/www.crfac.org.br\/site\/index.php?rest_route=%2Fwp%2Fv2%2Fcomments&post=28523"}],"version-history":[{"count":1,"href":"https:\/\/www.crfac.org.br\/site\/index.php?rest_route=\/wp\/v2\/posts\/28523\/revisions"}],"predecessor-version":[{"id":28525,"href":"https:\/\/www.crfac.org.br\/site\/index.php?rest_route=\/wp\/v2\/posts\/28523\/revisions\/28525"}],"wp:featuredmedia":[{"embeddable":true,"href":"https:\/\/www.crfac.org.br\/site\/index.php?rest_route=\/wp\/v2\/media\/28524"}],"wp:attachment":[{"href":"https:\/\/www.crfac.org.br\/site\/index.php?rest_route=%2Fwp%2Fv2%2Fmedia&parent=28523"}],"wp:term":[{"taxonomy":"category","embeddable":true,"href":"https:\/\/www.crfac.org.br\/site\/index.php?rest_route=%2Fwp%2Fv2%2Fcategories&post=28523"},{"taxonomy":"post_tag","embeddable":true,"href":"https:\/\/www.crfac.org.br\/site\/index.php?rest_route=%2Fwp%2Fv2%2Ftags&post=28523"}],"curies":[{"name":"wp","href":"https:\/\/api.w.org\/{rel}","templated":true}]}}