{"id":28357,"date":"2022-11-21T22:20:03","date_gmt":"2022-11-22T01:20:03","guid":{"rendered":"http:\/\/crfac.nodejs15f02.uni5.net\/site\/?p=28357"},"modified":"2022-11-21T22:20:03","modified_gmt":"2022-11-22T01:20:03","slug":"gt-do-cff-demonstra-importancia-da-contratacao-do-farmaceutico-no-setor-publico","status":"publish","type":"post","link":"https:\/\/www.crfac.org.br\/site\/?p=28357","title":{"rendered":"GT do CFF demonstra import\u00e2ncia da contrata\u00e7\u00e3o do farmac\u00eautico no setor p\u00fablico"},"content":{"rendered":"<p>O Grupo de Trabalho de Farmac\u00eauticos no Sistema de Justi\u00e7a do Conselho Federal de Farm\u00e1cia (CFF) participou, dia 17 de novembro, do I Congresso do F\u00f3rum Nacional do Judici\u00e1rio para a Sa\u00fade (FONAJUS \u2013 CNJ). O farmac\u00eautico membro do GT, Everton Borges, participou de painel, \u00e0s 10 horas, sobre a judicializa\u00e7\u00e3o da sa\u00fade na vis\u00e3o do CFM e do CFF, juntamente com a procuradora do Conselho Federal de Medicina, Giselle Gracindo. A mesa foi presidida pelo desembargador do Tribunal de Justi\u00e7a do Estado de S\u00e3o Paulo (TJSP), Wanderley Federighi.<\/p>\n<p>Na ocasi\u00e3o, Everton Borges destacou que durante a pandemia, mais de 90 mil farm\u00e1cias contribu\u00edram muito com a sa\u00fade da popula\u00e7\u00e3o. \u201cAs farm\u00e1cias j\u00e1 realizaram mais de 20 milh\u00f5es de testes r\u00e1pidos, com quase dois milh\u00f5es de resultados positivos. Esses dados v\u00eam sendo utilizados pela epidemiologia para se monitorar o avan\u00e7o da Covid-19. N\u00e3o \u00e9 atoa que as pol\u00edticas p\u00fablicas j\u00e1 est\u00e3o reconhecendo a import\u00e2ncia das farm\u00e1cias privadas tamb\u00e9m no contexto da vacina\u00e7\u00e3o e elas foram muito utilizadas na pandemia\u201d.<\/p>\n<p>De acordo com o GT, os medicamentos s\u00e3o os itens mais judicializados dentre mais de 520 mil processos judiciais em sa\u00fade. Medicamentos representam entre 70 e 80 % das judicializa\u00e7\u00f5es e entre estes medicamentos, cerca de 30 a 40% pertencem \u00e0s listas p\u00fablicas. Everton salientou que todo o sistema de sa\u00fade e de justi\u00e7a est\u00e1 muito focado nos medicamentos de alto custo, nos medicamentos fora de listas. E que o GT quer trazer luz e aten\u00e7\u00e3o para essa parcela de medicamentos que j\u00e1 conta das listas p\u00fablicas.<\/p>\n<p>S\u00e3o medicamentos da Rela\u00e7\u00e3o Nacional de Medicamentos Essenciais (Rename), da rede estadual ou da municipal. \u201c\u00c9 com esses medicamentos que j\u00e1 fazem parte das listas p\u00fablicas com os quais nos temos maior possibilidade de reduzir a judicializa\u00e7\u00e3o. Ent\u00e3o, n\u00f3s estamos necessitando um olhar para aquilo que \u00e9 obriga\u00e7\u00e3o do Munic\u00edpio, Estado ou Uni\u00e3o. N\u00f3s precisamos ter a\u00e7\u00f5es efetivas para garantir que aqueles medicamentos que s\u00e3o de obriga\u00e7\u00e3o dos entes federados estejam nas prateleiras das farm\u00e1cias p\u00fablicas e, consequentemente, n\u00e3o sejam judicializados\u201d, ressaltou Borges.<\/p>\n<p>O GT encerrou sua participa\u00e7\u00e3o frisando que, via de regra, onde a assist\u00eancia farmac\u00eautica est\u00e1 prec\u00e1ria ou desestruturada ou sem farmac\u00eautico existe maior n\u00famero de processos judiciais. \u201cA defini\u00e7\u00e3o do elenco de medicamentos dispensados \u00e0 popula\u00e7\u00e3o (lista p\u00fablica\/Remune) \u00e9 uma das atividades mais importantes da assist\u00eancia farmac\u00eautica (AF). \u00c9 a partir dela que s\u00e3o desenvolvidas as demais atividades da assist\u00eancia. Por isso, o sistema de Justi\u00e7a e os \u00f3rg\u00e3os de controle devem estimular e at\u00e9 mesmo exigir que cada munic\u00edpio apresente sua Comiss\u00e3o de Farm\u00e1cia Terap\u00eautica (CFT) e Remune e a CFT pode participar tamb\u00e9m das discuss\u00f5es sobre judicializa\u00e7\u00e3o do direito \u00e0 sa\u00fade\u201d.<\/p>\n","protected":false},"excerpt":{"rendered":"<p>O Grupo de Trabalho de Farmac\u00eauticos no Sistema de Justi\u00e7a do Conselho Federal de Farm\u00e1cia (CFF) participou, dia 17 de novembro, do I Congresso do F\u00f3rum Nacional do Judici\u00e1rio para a Sa\u00fade (FONAJUS \u2013 CNJ). O farmac\u00eautico membro do GT, Everton Borges, participou de painel, \u00e0s 10 horas, sobre a judicializa\u00e7\u00e3o da sa\u00fade na vis\u00e3o [&hellip;]<\/p>\n","protected":false},"author":1,"featured_media":28358,"comment_status":"closed","ping_status":"open","sticky":false,"template":"","format":"standard","meta":{"_acf_changed":false,"_joinchat":[],"footnotes":""},"categories":[2,7],"tags":[],"class_list":["post-28357","post","type-post","status-publish","format-standard","has-post-thumbnail","hentry","category-destaques","category-noticias"],"acf":[],"_links":{"self":[{"href":"https:\/\/www.crfac.org.br\/site\/index.php?rest_route=\/wp\/v2\/posts\/28357","targetHints":{"allow":["GET"]}}],"collection":[{"href":"https:\/\/www.crfac.org.br\/site\/index.php?rest_route=\/wp\/v2\/posts"}],"about":[{"href":"https:\/\/www.crfac.org.br\/site\/index.php?rest_route=\/wp\/v2\/types\/post"}],"author":[{"embeddable":true,"href":"https:\/\/www.crfac.org.br\/site\/index.php?rest_route=\/wp\/v2\/users\/1"}],"replies":[{"embeddable":true,"href":"https:\/\/www.crfac.org.br\/site\/index.php?rest_route=%2Fwp%2Fv2%2Fcomments&post=28357"}],"version-history":[{"count":1,"href":"https:\/\/www.crfac.org.br\/site\/index.php?rest_route=\/wp\/v2\/posts\/28357\/revisions"}],"predecessor-version":[{"id":28359,"href":"https:\/\/www.crfac.org.br\/site\/index.php?rest_route=\/wp\/v2\/posts\/28357\/revisions\/28359"}],"wp:featuredmedia":[{"embeddable":true,"href":"https:\/\/www.crfac.org.br\/site\/index.php?rest_route=\/wp\/v2\/media\/28358"}],"wp:attachment":[{"href":"https:\/\/www.crfac.org.br\/site\/index.php?rest_route=%2Fwp%2Fv2%2Fmedia&parent=28357"}],"wp:term":[{"taxonomy":"category","embeddable":true,"href":"https:\/\/www.crfac.org.br\/site\/index.php?rest_route=%2Fwp%2Fv2%2Fcategories&post=28357"},{"taxonomy":"post_tag","embeddable":true,"href":"https:\/\/www.crfac.org.br\/site\/index.php?rest_route=%2Fwp%2Fv2%2Ftags&post=28357"}],"curies":[{"name":"wp","href":"https:\/\/api.w.org\/{rel}","templated":true}]}}