{"id":28351,"date":"2022-11-21T22:17:38","date_gmt":"2022-11-22T01:17:38","guid":{"rendered":"http:\/\/crfac.nodejs15f02.uni5.net\/site\/?p=28351"},"modified":"2022-11-21T22:17:38","modified_gmt":"2022-11-22T01:17:38","slug":"vitoria-do-conselho-federal-de-farmacia-para-a-profissao-farmaceutica","status":"publish","type":"post","link":"https:\/\/www.crfac.org.br\/site\/?p=28351","title":{"rendered":"Vit\u00f3ria do Conselho Federal de Farm\u00e1cia, para a profiss\u00e3o farmac\u00eautica!"},"content":{"rendered":"<p>Acaba de ser arquivada pelo juiz Jo\u00e3o Carlos Mayer Soares, da 17\u00aa Vara Federal, a\u00e7\u00e3o do Conselho Regional de Medicina do Cear\u00e1 que, mais uma vez, pleiteava a inconstitucionalidade e ilegalidade da Resolu\u00e7\u00e3o n 585\/2013, do Conselho Federal de Farm\u00e1cia (CFF). Com a decis\u00e3o, a normativa, que regulamenta as atribui\u00e7\u00f5es cl\u00ednicas do farmac\u00eautico, permanece em pleno vigor. Para o presidente do CFF, Walter Jorge Jo\u00e3o, a Justi\u00e7a mant\u00e9m a coer\u00eancia, pois j\u00e1 s\u00e3o em torno de 40 a\u00e7\u00f5es relacionadas a essa resolu\u00e7\u00e3o e \u00e0 resolu\u00e7\u00e3o 586 em que o conselho obt\u00e9m ganho de causa.<\/p>\n<p>\u201cEssa e as demais decis\u00f5es refor\u00e7am que optamos pelo caminho certo quando decidimos resgatar o papel do farmac\u00eautico no cuidado ao paciente. N\u00e3o tratamos aqui de ocupar o espa\u00e7o de outro profissional da sa\u00fade, mas de ocuparmos o nosso lugar, na orienta\u00e7\u00e3o ao paciente sobre o uso seguro e racional de medicamentos e em outras necessidades em sa\u00fade, como o rastreamento de doen\u00e7as. Relembro que se trata de uma norma em vigor h\u00e1 quase dez anos, utilizada nesse per\u00edodo sem qualquer invas\u00e3o de outra profiss\u00e3o, em especial a m\u00e9dica, sendo que uma decis\u00e3o contr\u00e1ria inobservaria o j\u00e1 consagrado princ\u00edpio do retrocesso social definido pelo STF. Ganha a sociedade, a sa\u00fade como um todo, e n\u00e3o apenas a categoria farmac\u00eautica&#8221;, comemorou Walter Jorge Jo\u00e3o.<\/p>\n","protected":false},"excerpt":{"rendered":"<p>Acaba de ser arquivada pelo juiz Jo\u00e3o Carlos Mayer Soares, da 17\u00aa Vara Federal, a\u00e7\u00e3o do Conselho Regional de Medicina do Cear\u00e1 que, mais uma vez, pleiteava a inconstitucionalidade e ilegalidade da Resolu\u00e7\u00e3o n 585\/2013, do Conselho Federal de Farm\u00e1cia (CFF). Com a decis\u00e3o, a normativa, que regulamenta as atribui\u00e7\u00f5es cl\u00ednicas do farmac\u00eautico, permanece em [&hellip;]<\/p>\n","protected":false},"author":1,"featured_media":28352,"comment_status":"closed","ping_status":"open","sticky":false,"template":"","format":"standard","meta":{"_acf_changed":false,"_joinchat":[],"footnotes":""},"categories":[2,7],"tags":[],"class_list":["post-28351","post","type-post","status-publish","format-standard","has-post-thumbnail","hentry","category-destaques","category-noticias"],"acf":[],"_links":{"self":[{"href":"https:\/\/www.crfac.org.br\/site\/index.php?rest_route=\/wp\/v2\/posts\/28351","targetHints":{"allow":["GET"]}}],"collection":[{"href":"https:\/\/www.crfac.org.br\/site\/index.php?rest_route=\/wp\/v2\/posts"}],"about":[{"href":"https:\/\/www.crfac.org.br\/site\/index.php?rest_route=\/wp\/v2\/types\/post"}],"author":[{"embeddable":true,"href":"https:\/\/www.crfac.org.br\/site\/index.php?rest_route=\/wp\/v2\/users\/1"}],"replies":[{"embeddable":true,"href":"https:\/\/www.crfac.org.br\/site\/index.php?rest_route=%2Fwp%2Fv2%2Fcomments&post=28351"}],"version-history":[{"count":1,"href":"https:\/\/www.crfac.org.br\/site\/index.php?rest_route=\/wp\/v2\/posts\/28351\/revisions"}],"predecessor-version":[{"id":28353,"href":"https:\/\/www.crfac.org.br\/site\/index.php?rest_route=\/wp\/v2\/posts\/28351\/revisions\/28353"}],"wp:featuredmedia":[{"embeddable":true,"href":"https:\/\/www.crfac.org.br\/site\/index.php?rest_route=\/wp\/v2\/media\/28352"}],"wp:attachment":[{"href":"https:\/\/www.crfac.org.br\/site\/index.php?rest_route=%2Fwp%2Fv2%2Fmedia&parent=28351"}],"wp:term":[{"taxonomy":"category","embeddable":true,"href":"https:\/\/www.crfac.org.br\/site\/index.php?rest_route=%2Fwp%2Fv2%2Fcategories&post=28351"},{"taxonomy":"post_tag","embeddable":true,"href":"https:\/\/www.crfac.org.br\/site\/index.php?rest_route=%2Fwp%2Fv2%2Ftags&post=28351"}],"curies":[{"name":"wp","href":"https:\/\/api.w.org\/{rel}","templated":true}]}}